{"id":20,"date":"2014-10-16T17:44:55","date_gmt":"2014-10-16T16:44:55","guid":{"rendered":"https:\/\/stpierre-teille.fr\/?p=20"},"modified":"2014-10-16T18:09:56","modified_gmt":"2014-10-16T17:09:56","slug":"intervention-cartoon-frenesie","status":"publish","type":"post","link":"https:\/\/stpierre-teille.fr\/?p=20","title":{"rendered":"Intervention Cartoon Fr\u00e9n\u00e9sie"},"content":{"rendered":"<p>Un artiste de la troupe Cartoon Fr\u00e9n\u00e9sie interviendra dans la classe de cycle 3 le lundi 3 novembre.<\/p>\n<p style=\"text-align: justify;\"><a href=\"https:\/\/stpierre-teille.fr\/wp-content\/uploads\/2014\/10\/Penguins.jpg\"><img loading=\"lazy\" decoding=\"async\" class=\"alignleft wp-image-24\" src=\"https:\/\/stpierre-teille.fr\/wp-content\/uploads\/2014\/10\/Penguins-300x225.jpg\" alt=\"Penguins\" width=\"209\" height=\"157\" srcset=\"https:\/\/stpierre-teille.fr\/wp-content\/uploads\/2014\/10\/Penguins-300x225.jpg 300w, https:\/\/stpierre-teille.fr\/wp-content\/uploads\/2014\/10\/Penguins-624x468.jpg 624w, https:\/\/stpierre-teille.fr\/wp-content\/uploads\/2014\/10\/Penguins.jpg 1024w\" sizes=\"auto, (max-width: 209px) 100vw, 209px\" \/><\/a>Il nous pr\u00e9sentera le spectacle qui sera propos\u00e9 aux enfants lors de l&rsquo;arbre de No\u00ebl, spectacle dans lequel les \u00e9l\u00e8ves de CM participeront.<\/p>\n","protected":false},"excerpt":{"rendered":"<p>Un artiste de la troupe Cartoon Fr\u00e9n\u00e9sie interviendra dans la classe de cycle 3 le lundi 3 novembre. Il nous pr\u00e9sentera le spectacle qui sera propos\u00e9 aux enfants lors de l&rsquo;arbre de No\u00ebl, spectacle dans lequel les \u00e9l\u00e8ves de CM participeront.<\/p>\n","protected":false},"author":2,"featured_media":0,"comment_status":"closed","ping_status":"closed","sticky":false,"template":"","format":"standard","meta":{"ngg_post_thumbnail":0,"footnotes":""},"categories":[1],"tags":[],"class_list":["post-20","post","type-post","status-publish","format-standard","hentry","category-non-classe"],"_links":{"self":[{"href":"https:\/\/stpierre-teille.fr\/index.php?rest_route=\/wp\/v2\/posts\/20","targetHints":{"allow":["GET"]}}],"collection":[{"href":"https:\/\/stpierre-teille.fr\/index.php?rest_route=\/wp\/v2\/posts"}],"about":[{"href":"https:\/\/stpierre-teille.fr\/index.php?rest_route=\/wp\/v2\/types\/post"}],"author":[{"embeddable":true,"href":"https:\/\/stpierre-teille.fr\/index.php?rest_route=\/wp\/v2\/users\/2"}],"replies":[{"embeddable":true,"href":"https:\/\/stpierre-teille.fr\/index.php?rest_route=%2Fwp%2Fv2%2Fcomments&post=20"}],"version-history":[{"count":0,"href":"https:\/\/stpierre-teille.fr\/index.php?rest_route=\/wp\/v2\/posts\/20\/revisions"}],"wp:attachment":[{"href":"https:\/\/stpierre-teille.fr\/index.php?rest_route=%2Fwp%2Fv2%2Fmedia&parent=20"}],"wp:term":[{"taxonomy":"category","embeddable":true,"href":"https:\/\/stpierre-teille.fr\/index.php?rest_route=%2Fwp%2Fv2%2Fcategories&post=20"},{"taxonomy":"post_tag","embeddable":true,"href":"https:\/\/stpierre-teille.fr\/index.php?rest_route=%2Fwp%2Fv2%2Ftags&post=20"}],"curies":[{"name":"wp","href":"https:\/\/api.w.org\/{rel}","templated":true}]}}