{"id":1997,"date":"2020-12-31T15:49:48","date_gmt":"2020-12-31T14:49:48","guid":{"rendered":"https:\/\/stpierre-teille.fr\/?p=1997"},"modified":"2020-12-31T15:49:48","modified_gmt":"2020-12-31T14:49:48","slug":"chants-de-noel-pour-les-residents-de-la-maison-de-retraite","status":"publish","type":"post","link":"https:\/\/stpierre-teille.fr\/?p=1997","title":{"rendered":"Chants de No\u00ebl pour les r\u00e9sidents de la maison de retraite"},"content":{"rendered":"<p><a href=\"https:\/\/stpierre-teille.fr\/wp-content\/uploads\/2020\/12\/Chorale-enfants-confinement-OF-15-decembre-817x1024-1.jpg\"><img loading=\"lazy\" decoding=\"async\" class=\"aligncenter size-medium wp-image-1961\" src=\"https:\/\/stpierre-teille.fr\/wp-content\/uploads\/2020\/12\/Chorale-enfants-confinement-OF-15-decembre-817x1024-1-239x300.jpg\" alt=\"\" width=\"239\" height=\"300\" srcset=\"https:\/\/stpierre-teille.fr\/wp-content\/uploads\/2020\/12\/Chorale-enfants-confinement-OF-15-decembre-817x1024-1-239x300.jpg 239w, https:\/\/stpierre-teille.fr\/wp-content\/uploads\/2020\/12\/Chorale-enfants-confinement-OF-15-decembre-817x1024-1-768x963.jpg 768w, https:\/\/stpierre-teille.fr\/wp-content\/uploads\/2020\/12\/Chorale-enfants-confinement-OF-15-decembre-817x1024-1.jpg 817w\" sizes=\"auto, (max-width: 239px) 100vw, 239px\" \/><\/a><\/p>\n<p>Depuis plus de 10 ans d\u00e9j\u00e0, des r\u00e9sidents de la maison de retraite de Teill\u00e9 et les \u00e9l\u00e8ves de l\u2019\u00e9cole Saint Pierre avaient l\u2019habitude de r\u00e9p\u00e9ter des chansons et la chorale interg\u00e9n\u00e9rations se \u00ab produisait \u00bb le vendredi des vacances scolaires pour un concert de No\u00ebl \u00e0 l\u2019Eglise de Teill\u00e9. Crise sanitaire oblige, ces bons \u00e9changes n\u2019ont pas pu avoir lieu cette ann\u00e9e mais les \u00e9l\u00e8ves sont all\u00e9s chanter ce lundi 14 d\u00e9cembre vers 10h30 chanter pour les r\u00e9sidents depuis le parking et ensuite de la pergola pour que les r\u00e9sidents puissent b\u00e9n\u00e9ficier de ce spectacle.<\/p>\n<p><a href=\"https:\/\/stpierre-teille.fr\/wp-content\/uploads\/2020\/12\/photo-concert-2.jpg\"><img loading=\"lazy\" decoding=\"async\" class=\"aligncenter size-medium wp-image-1966\" src=\"https:\/\/stpierre-teille.fr\/wp-content\/uploads\/2020\/12\/photo-concert-2-300x225.jpg\" alt=\"\" width=\"300\" height=\"225\" srcset=\"https:\/\/stpierre-teille.fr\/wp-content\/uploads\/2020\/12\/photo-concert-2-300x225.jpg 300w, https:\/\/stpierre-teille.fr\/wp-content\/uploads\/2020\/12\/photo-concert-2.jpg 768w\" sizes=\"auto, (max-width: 300px) 100vw, 300px\" \/><\/a> <a href=\"https:\/\/stpierre-teille.fr\/wp-content\/uploads\/2020\/12\/photo-concert-1.jpg\"><img loading=\"lazy\" decoding=\"async\" class=\"aligncenter size-medium wp-image-1967\" src=\"https:\/\/stpierre-teille.fr\/wp-content\/uploads\/2020\/12\/photo-concert-1-300x225.jpg\" alt=\"\" width=\"300\" height=\"225\" srcset=\"https:\/\/stpierre-teille.fr\/wp-content\/uploads\/2020\/12\/photo-concert-1-300x225.jpg 300w, https:\/\/stpierre-teille.fr\/wp-content\/uploads\/2020\/12\/photo-concert-1.jpg 768w\" sizes=\"auto, (max-width: 300px) 100vw, 300px\" \/><\/a><\/p>\n","protected":false},"excerpt":{"rendered":"<p>Depuis plus de 10 ans d\u00e9j\u00e0, des r\u00e9sidents de la maison de retraite de Teill\u00e9 et les \u00e9l\u00e8ves de l\u2019\u00e9cole Saint Pierre avaient l\u2019habitude de r\u00e9p\u00e9ter des chansons et la chorale interg\u00e9n\u00e9rations se \u00ab produisait \u00bb le vendredi des vacances scolaires pour un concert de No\u00ebl \u00e0 l\u2019Eglise de Teill\u00e9. Crise sanitaire oblige, ces bons&hellip; <br \/> <a class=\"read-more\" href=\"https:\/\/stpierre-teille.fr\/?p=1997\">Lire la suite<\/a><\/p>\n","protected":false},"author":2,"featured_media":1967,"comment_status":"closed","ping_status":"closed","sticky":false,"template":"","format":"standard","meta":{"ngg_post_thumbnail":0,"footnotes":""},"categories":[1,9],"tags":[],"class_list":["post-1997","post","type-post","status-publish","format-standard","has-post-thumbnail","hentry","category-non-classe","category-vie-des-classes"],"_links":{"self":[{"href":"https:\/\/stpierre-teille.fr\/index.php?rest_route=\/wp\/v2\/posts\/1997","targetHints":{"allow":["GET"]}}],"collection":[{"href":"https:\/\/stpierre-teille.fr\/index.php?rest_route=\/wp\/v2\/posts"}],"about":[{"href":"https:\/\/stpierre-teille.fr\/index.php?rest_route=\/wp\/v2\/types\/post"}],"author":[{"embeddable":true,"href":"https:\/\/stpierre-teille.fr\/index.php?rest_route=\/wp\/v2\/users\/2"}],"replies":[{"embeddable":true,"href":"https:\/\/stpierre-teille.fr\/index.php?rest_route=%2Fwp%2Fv2%2Fcomments&post=1997"}],"version-history":[{"count":1,"href":"https:\/\/stpierre-teille.fr\/index.php?rest_route=\/wp\/v2\/posts\/1997\/revisions"}],"predecessor-version":[{"id":1998,"href":"https:\/\/stpierre-teille.fr\/index.php?rest_route=\/wp\/v2\/posts\/1997\/revisions\/1998"}],"wp:featuredmedia":[{"embeddable":true,"href":"https:\/\/stpierre-teille.fr\/index.php?rest_route=\/wp\/v2\/media\/1967"}],"wp:attachment":[{"href":"https:\/\/stpierre-teille.fr\/index.php?rest_route=%2Fwp%2Fv2%2Fmedia&parent=1997"}],"wp:term":[{"taxonomy":"category","embeddable":true,"href":"https:\/\/stpierre-teille.fr\/index.php?rest_route=%2Fwp%2Fv2%2Fcategories&post=1997"},{"taxonomy":"post_tag","embeddable":true,"href":"https:\/\/stpierre-teille.fr\/index.php?rest_route=%2Fwp%2Fv2%2Ftags&post=1997"}],"curies":[{"name":"wp","href":"https:\/\/api.w.org\/{rel}","templated":true}]}}