{"id":1984,"date":"2020-12-18T14:42:15","date_gmt":"2020-12-18T13:42:15","guid":{"rendered":"https:\/\/stpierre-teille.fr\/?p=1984"},"modified":"2020-12-27T13:54:25","modified_gmt":"2020-12-27T12:54:25","slug":"les-anniversaires-de-la-premiere-periode","status":"publish","type":"post","link":"https:\/\/stpierre-teille.fr\/?p=1984","title":{"rendered":"LES ANNIVERSAIRES DE LA PREMIERE PERIODE"},"content":{"rendered":"<p>Nous f\u00eatons diff\u00e9remment les anniversaires cette ann\u00e9e .Ne pouvant pas cuisiner par pr\u00e9cautions sanitaires , nous d\u00e9corons par petits groupes des jolis cup-cakes que nous offrons aux enfants qui f\u00eatent leurs anniversaires.Nous souhaitons un JOYEUX ANNIVERSAIRE \u00e0 THAIS (3 ans )MARTIN (3 ans), (EDEN (4 ans ), NINA (4 ans) , CELIAN (5 ANS ) et OCEANE (5 ans)<\/p>\n<p><a href=\"https:\/\/stpierre-teille.fr\/wp-content\/uploads\/2020\/12\/anniversaire-P1.jpg\"><img loading=\"lazy\" decoding=\"async\" class=\"alignnone size-medium wp-image-1981\" src=\"https:\/\/stpierre-teille.fr\/wp-content\/uploads\/2020\/12\/anniversaire-P1-300x225.jpg\" alt=\"\" width=\"300\" height=\"225\" srcset=\"https:\/\/stpierre-teille.fr\/wp-content\/uploads\/2020\/12\/anniversaire-P1-300x225.jpg 300w, https:\/\/stpierre-teille.fr\/wp-content\/uploads\/2020\/12\/anniversaire-P1-1024x769.jpg 1024w, https:\/\/stpierre-teille.fr\/wp-content\/uploads\/2020\/12\/anniversaire-P1-768x577.jpg 768w, https:\/\/stpierre-teille.fr\/wp-content\/uploads\/2020\/12\/anniversaire-P1-1536x1154.jpg 1536w, https:\/\/stpierre-teille.fr\/wp-content\/uploads\/2020\/12\/anniversaire-P1.jpg 1920w\" sizes=\"auto, (max-width: 300px) 100vw, 300px\" \/><\/a><\/p>\n","protected":false},"excerpt":{"rendered":"<p>Nous f\u00eatons diff\u00e9remment les anniversaires cette ann\u00e9e .Ne pouvant pas cuisiner par pr\u00e9cautions sanitaires , nous d\u00e9corons par petits groupes des jolis cup-cakes que nous offrons aux enfants qui f\u00eatent leurs anniversaires.Nous souhaitons un JOYEUX ANNIVERSAIRE \u00e0 THAIS (3 ans )MARTIN (3 ans), (EDEN (4 ans ), NINA (4 ans) , CELIAN (5 ANS )&hellip; <br \/> <a class=\"read-more\" href=\"https:\/\/stpierre-teille.fr\/?p=1984\">Lire la suite<\/a><\/p>\n","protected":false},"author":7,"featured_media":1981,"comment_status":"closed","ping_status":"closed","sticky":false,"template":"","format":"standard","meta":{"ngg_post_thumbnail":0,"footnotes":""},"categories":[1,9],"tags":[],"class_list":["post-1984","post","type-post","status-publish","format-standard","has-post-thumbnail","hentry","category-non-classe","category-vie-des-classes"],"_links":{"self":[{"href":"https:\/\/stpierre-teille.fr\/index.php?rest_route=\/wp\/v2\/posts\/1984","targetHints":{"allow":["GET"]}}],"collection":[{"href":"https:\/\/stpierre-teille.fr\/index.php?rest_route=\/wp\/v2\/posts"}],"about":[{"href":"https:\/\/stpierre-teille.fr\/index.php?rest_route=\/wp\/v2\/types\/post"}],"author":[{"embeddable":true,"href":"https:\/\/stpierre-teille.fr\/index.php?rest_route=\/wp\/v2\/users\/7"}],"replies":[{"embeddable":true,"href":"https:\/\/stpierre-teille.fr\/index.php?rest_route=%2Fwp%2Fv2%2Fcomments&post=1984"}],"version-history":[{"count":2,"href":"https:\/\/stpierre-teille.fr\/index.php?rest_route=\/wp\/v2\/posts\/1984\/revisions"}],"predecessor-version":[{"id":1995,"href":"https:\/\/stpierre-teille.fr\/index.php?rest_route=\/wp\/v2\/posts\/1984\/revisions\/1995"}],"wp:featuredmedia":[{"embeddable":true,"href":"https:\/\/stpierre-teille.fr\/index.php?rest_route=\/wp\/v2\/media\/1981"}],"wp:attachment":[{"href":"https:\/\/stpierre-teille.fr\/index.php?rest_route=%2Fwp%2Fv2%2Fmedia&parent=1984"}],"wp:term":[{"taxonomy":"category","embeddable":true,"href":"https:\/\/stpierre-teille.fr\/index.php?rest_route=%2Fwp%2Fv2%2Fcategories&post=1984"},{"taxonomy":"post_tag","embeddable":true,"href":"https:\/\/stpierre-teille.fr\/index.php?rest_route=%2Fwp%2Fv2%2Ftags&post=1984"}],"curies":[{"name":"wp","href":"https:\/\/api.w.org\/{rel}","templated":true}]}}