{"id":1972,"date":"2020-12-18T14:08:38","date_gmt":"2020-12-18T13:08:38","guid":{"rendered":"https:\/\/stpierre-teille.fr\/?p=1972"},"modified":"2020-12-27T13:53:26","modified_gmt":"2020-12-27T12:53:26","slug":"cest-noel","status":"publish","type":"post","link":"https:\/\/stpierre-teille.fr\/?p=1972","title":{"rendered":"C&rsquo;est No\u00ebl"},"content":{"rendered":"<p>C\u2019est No\u00ebl ,<\/p>\n<p>nous avons d\u00e9cor\u00e9 avec Linda les vitres , les toilettes , la salle de motricit\u00e9 et la classe &#8230;C&rsquo;est joli!!!<\/p>\n<p><a href=\"https:\/\/stpierre-teille.fr\/wp-content\/uploads\/2020\/12\/deco-noel-6jpg.jpg\"><img loading=\"lazy\" decoding=\"async\" class=\"alignnone size-medium wp-image-1973\" src=\"https:\/\/stpierre-teille.fr\/wp-content\/uploads\/2020\/12\/deco-noel-6jpg-223x300.jpg\" alt=\"\" width=\"223\" height=\"300\" srcset=\"https:\/\/stpierre-teille.fr\/wp-content\/uploads\/2020\/12\/deco-noel-6jpg-223x300.jpg 223w, https:\/\/stpierre-teille.fr\/wp-content\/uploads\/2020\/12\/deco-noel-6jpg-759x1024.jpg 759w, https:\/\/stpierre-teille.fr\/wp-content\/uploads\/2020\/12\/deco-noel-6jpg-768x1036.jpg 768w, https:\/\/stpierre-teille.fr\/wp-content\/uploads\/2020\/12\/deco-noel-6jpg-1139x1536.jpg 1139w, https:\/\/stpierre-teille.fr\/wp-content\/uploads\/2020\/12\/deco-noel-6jpg.jpg 1424w\" sizes=\"auto, (max-width: 223px) 100vw, 223px\" \/><\/a> <a href=\"https:\/\/stpierre-teille.fr\/wp-content\/uploads\/2020\/12\/deco-noel-1.jpg\"><img loading=\"lazy\" decoding=\"async\" class=\"alignnone size-medium wp-image-1974\" src=\"https:\/\/stpierre-teille.fr\/wp-content\/uploads\/2020\/12\/deco-noel-1-223x300.jpg\" alt=\"\" width=\"223\" height=\"300\" srcset=\"https:\/\/stpierre-teille.fr\/wp-content\/uploads\/2020\/12\/deco-noel-1-223x300.jpg 223w, https:\/\/stpierre-teille.fr\/wp-content\/uploads\/2020\/12\/deco-noel-1-759x1024.jpg 759w, https:\/\/stpierre-teille.fr\/wp-content\/uploads\/2020\/12\/deco-noel-1-768x1036.jpg 768w, https:\/\/stpierre-teille.fr\/wp-content\/uploads\/2020\/12\/deco-noel-1-1139x1536.jpg 1139w, https:\/\/stpierre-teille.fr\/wp-content\/uploads\/2020\/12\/deco-noel-1.jpg 1424w\" sizes=\"auto, (max-width: 223px) 100vw, 223px\" \/><\/a> <a href=\"https:\/\/stpierre-teille.fr\/wp-content\/uploads\/2020\/12\/deco-noel-2-jpg.jpg\"><img loading=\"lazy\" decoding=\"async\" class=\"alignnone size-medium wp-image-1975\" src=\"https:\/\/stpierre-teille.fr\/wp-content\/uploads\/2020\/12\/deco-noel-2-jpg-223x300.jpg\" alt=\"\" width=\"223\" height=\"300\" srcset=\"https:\/\/stpierre-teille.fr\/wp-content\/uploads\/2020\/12\/deco-noel-2-jpg-223x300.jpg 223w, https:\/\/stpierre-teille.fr\/wp-content\/uploads\/2020\/12\/deco-noel-2-jpg-759x1024.jpg 759w, https:\/\/stpierre-teille.fr\/wp-content\/uploads\/2020\/12\/deco-noel-2-jpg-768x1036.jpg 768w, https:\/\/stpierre-teille.fr\/wp-content\/uploads\/2020\/12\/deco-noel-2-jpg-1139x1536.jpg 1139w, https:\/\/stpierre-teille.fr\/wp-content\/uploads\/2020\/12\/deco-noel-2-jpg.jpg 1424w\" sizes=\"auto, (max-width: 223px) 100vw, 223px\" \/><\/a> <a href=\"https:\/\/stpierre-teille.fr\/wp-content\/uploads\/2020\/12\/deco-noel-3-jpg.jpg\"><img loading=\"lazy\" decoding=\"async\" class=\"alignnone size-medium wp-image-1976\" src=\"https:\/\/stpierre-teille.fr\/wp-content\/uploads\/2020\/12\/deco-noel-3-jpg-223x300.jpg\" alt=\"\" width=\"223\" height=\"300\" srcset=\"https:\/\/stpierre-teille.fr\/wp-content\/uploads\/2020\/12\/deco-noel-3-jpg-223x300.jpg 223w, https:\/\/stpierre-teille.fr\/wp-content\/uploads\/2020\/12\/deco-noel-3-jpg-759x1024.jpg 759w, https:\/\/stpierre-teille.fr\/wp-content\/uploads\/2020\/12\/deco-noel-3-jpg-768x1036.jpg 768w, https:\/\/stpierre-teille.fr\/wp-content\/uploads\/2020\/12\/deco-noel-3-jpg-1139x1536.jpg 1139w, https:\/\/stpierre-teille.fr\/wp-content\/uploads\/2020\/12\/deco-noel-3-jpg.jpg 1424w\" sizes=\"auto, (max-width: 223px) 100vw, 223px\" \/><\/a> <a href=\"https:\/\/stpierre-teille.fr\/wp-content\/uploads\/2020\/12\/deco-noel-4jpg.jpg\"><img loading=\"lazy\" decoding=\"async\" class=\"alignnone size-medium wp-image-1977\" src=\"https:\/\/stpierre-teille.fr\/wp-content\/uploads\/2020\/12\/deco-noel-4jpg-223x300.jpg\" alt=\"\" width=\"223\" height=\"300\" srcset=\"https:\/\/stpierre-teille.fr\/wp-content\/uploads\/2020\/12\/deco-noel-4jpg-223x300.jpg 223w, https:\/\/stpierre-teille.fr\/wp-content\/uploads\/2020\/12\/deco-noel-4jpg-759x1024.jpg 759w, https:\/\/stpierre-teille.fr\/wp-content\/uploads\/2020\/12\/deco-noel-4jpg-768x1036.jpg 768w, https:\/\/stpierre-teille.fr\/wp-content\/uploads\/2020\/12\/deco-noel-4jpg-1139x1536.jpg 1139w, https:\/\/stpierre-teille.fr\/wp-content\/uploads\/2020\/12\/deco-noel-4jpg.jpg 1424w\" sizes=\"auto, (max-width: 223px) 100vw, 223px\" \/><\/a> <a href=\"https:\/\/stpierre-teille.fr\/wp-content\/uploads\/2020\/12\/deco-noel-5jpg.jpg\"><img loading=\"lazy\" decoding=\"async\" class=\"alignnone size-medium wp-image-1978\" src=\"https:\/\/stpierre-teille.fr\/wp-content\/uploads\/2020\/12\/deco-noel-5jpg-223x300.jpg\" alt=\"\" width=\"223\" height=\"300\" srcset=\"https:\/\/stpierre-teille.fr\/wp-content\/uploads\/2020\/12\/deco-noel-5jpg-223x300.jpg 223w, https:\/\/stpierre-teille.fr\/wp-content\/uploads\/2020\/12\/deco-noel-5jpg-759x1024.jpg 759w, https:\/\/stpierre-teille.fr\/wp-content\/uploads\/2020\/12\/deco-noel-5jpg-768x1036.jpg 768w, https:\/\/stpierre-teille.fr\/wp-content\/uploads\/2020\/12\/deco-noel-5jpg-1139x1536.jpg 1139w, https:\/\/stpierre-teille.fr\/wp-content\/uploads\/2020\/12\/deco-noel-5jpg.jpg 1424w\" sizes=\"auto, (max-width: 223px) 100vw, 223px\" \/><\/a><\/p>\n","protected":false},"excerpt":{"rendered":"<p>C\u2019est No\u00ebl , nous avons d\u00e9cor\u00e9 avec Linda les vitres , les toilettes , la salle de motricit\u00e9 et la classe &#8230;C&rsquo;est joli!!!<\/p>\n","protected":false},"author":7,"featured_media":1975,"comment_status":"closed","ping_status":"closed","sticky":false,"template":"","format":"standard","meta":{"ngg_post_thumbnail":0,"footnotes":""},"categories":[1,9],"tags":[],"class_list":["post-1972","post","type-post","status-publish","format-standard","has-post-thumbnail","hentry","category-non-classe","category-vie-des-classes"],"_links":{"self":[{"href":"https:\/\/stpierre-teille.fr\/index.php?rest_route=\/wp\/v2\/posts\/1972","targetHints":{"allow":["GET"]}}],"collection":[{"href":"https:\/\/stpierre-teille.fr\/index.php?rest_route=\/wp\/v2\/posts"}],"about":[{"href":"https:\/\/stpierre-teille.fr\/index.php?rest_route=\/wp\/v2\/types\/post"}],"author":[{"embeddable":true,"href":"https:\/\/stpierre-teille.fr\/index.php?rest_route=\/wp\/v2\/users\/7"}],"replies":[{"embeddable":true,"href":"https:\/\/stpierre-teille.fr\/index.php?rest_route=%2Fwp%2Fv2%2Fcomments&post=1972"}],"version-history":[{"count":4,"href":"https:\/\/stpierre-teille.fr\/index.php?rest_route=\/wp\/v2\/posts\/1972\/revisions"}],"predecessor-version":[{"id":1994,"href":"https:\/\/stpierre-teille.fr\/index.php?rest_route=\/wp\/v2\/posts\/1972\/revisions\/1994"}],"wp:featuredmedia":[{"embeddable":true,"href":"https:\/\/stpierre-teille.fr\/index.php?rest_route=\/wp\/v2\/media\/1975"}],"wp:attachment":[{"href":"https:\/\/stpierre-teille.fr\/index.php?rest_route=%2Fwp%2Fv2%2Fmedia&parent=1972"}],"wp:term":[{"taxonomy":"category","embeddable":true,"href":"https:\/\/stpierre-teille.fr\/index.php?rest_route=%2Fwp%2Fv2%2Fcategories&post=1972"},{"taxonomy":"post_tag","embeddable":true,"href":"https:\/\/stpierre-teille.fr\/index.php?rest_route=%2Fwp%2Fv2%2Ftags&post=1972"}],"curies":[{"name":"wp","href":"https:\/\/api.w.org\/{rel}","templated":true}]}}