{"id":1924,"date":"2020-11-26T15:19:22","date_gmt":"2020-11-26T14:19:22","guid":{"rendered":"https:\/\/stpierre-teille.fr\/?p=1924"},"modified":"2020-11-26T15:19:22","modified_gmt":"2020-11-26T14:19:22","slug":"projet-raid-loire","status":"publish","type":"post","link":"https:\/\/stpierre-teille.fr\/?p=1924","title":{"rendered":"PROJET RAID LOIRE"},"content":{"rendered":"<p>L&rsquo;ASCED Athl\u00e9tisme souhaite, \u00e0 travers le projet \u00ab\u00a0RAID LOIRE 2021\u00a0\u00bb, donner \u00e0 notre sport individuel, la course \u00e0 pied, un esprit collectif. Il se d\u00e9roulera en plusieurs phases avec comme aboutissement une course en relais de l&rsquo;estuaire \u00e0 la source de la Loire pour les membres du club.<\/p>\n<p>Le th\u00e8me choisi de \u00ab\u00a0L&rsquo;Eau\u00a0\u00bb donne l&rsquo;occasion de d\u00e9velopper des partenariats et de mettre en oeuvre ce c\u00f4t\u00e9 collectif. Ainsi un travail p\u00e9dagogique a \u00e9t\u00e9 r\u00e9alis\u00e9 aupr\u00e8s des \u00e9coles primaires du secteur, dont notre \u00e9cole avec deux partenaires V\u00e9olia Ancenis et Solidarit\u00e9s International.<\/p>\n<p>De m\u00eame, avec l&rsquo;animation sportive du secteur un raid enfants devait \u00eatre organis\u00e9 autour du plan d&rsquo;eau de Teill\u00e9. Il a malheureusement du \u00eatre annul\u00e9 pour des raisons sanitaires.<\/p>\n<div id=\"attachment_1926\" style=\"width: 1034px\" class=\"wp-caption aligncenter\"><a href=\"https:\/\/stpierre-teille.fr\/wp-content\/uploads\/2020\/11\/IMG_20201016_085624.jpg\"><img loading=\"lazy\" decoding=\"async\" aria-describedby=\"caption-attachment-1926\" class=\"wp-image-1926 size-large\" src=\"https:\/\/stpierre-teille.fr\/wp-content\/uploads\/2020\/11\/IMG_20201016_085624-1024x768.jpg\" alt=\"\" width=\"1024\" height=\"768\" srcset=\"https:\/\/stpierre-teille.fr\/wp-content\/uploads\/2020\/11\/IMG_20201016_085624-1024x768.jpg 1024w, https:\/\/stpierre-teille.fr\/wp-content\/uploads\/2020\/11\/IMG_20201016_085624-300x225.jpg 300w, https:\/\/stpierre-teille.fr\/wp-content\/uploads\/2020\/11\/IMG_20201016_085624-768x576.jpg 768w, https:\/\/stpierre-teille.fr\/wp-content\/uploads\/2020\/11\/IMG_20201016_085624-1536x1152.jpg 1536w, https:\/\/stpierre-teille.fr\/wp-content\/uploads\/2020\/11\/IMG_20201016_085624.jpg 1920w\" sizes=\"auto, (max-width: 1024px) 100vw, 1024px\" \/><\/a><p id=\"caption-attachment-1926\" class=\"wp-caption-text\">Intervention de l&rsquo;ASCED<\/p><\/div>\n<p>L&rsquo;ASCED et leurs deux partenaires sont donc intervenus pendant 1h30 dans la classe des CE2-CM1-CM2, le vendredi 16 octobre 2020. Cette intervention a repondu en sciences, aux enjeux li\u00e9s \u00e0 l&rsquo;environnement par notamment une exploitation raisonn\u00e9e de l&rsquo;utilisation de l&rsquo;eau, en g\u00e9ographie sur les besoins en eau (production, approvisionnement, distribution, exploitation) et bien entendu en EPS sur les besoins d&rsquo;une activit\u00e9 physique r\u00e9guli\u00e8re.<\/p>\n<p>L&rsquo;entreprise V\u00e9olia est intervenue sur l&rsquo;eau dans notre vie quotidienne et Solidarit\u00e9s International a sensibilis\u00e9 les enfants aux enjeux de l&rsquo;acc\u00e8s \u00e0 l&rsquo;eau potable et \u00e0 l&rsquo;hygi\u00e8ne.<\/p>\n<p><a href=\"https:\/\/stpierre-teille.fr\/wp-content\/uploads\/2020\/11\/IMG_20201016_092151.jpg\"><img loading=\"lazy\" decoding=\"async\" class=\"size-medium wp-image-1930\" src=\"https:\/\/stpierre-teille.fr\/wp-content\/uploads\/2020\/11\/IMG_20201016_092151-300x225.jpg\" alt=\"\" width=\"300\" height=\"225\" srcset=\"https:\/\/stpierre-teille.fr\/wp-content\/uploads\/2020\/11\/IMG_20201016_092151-300x225.jpg 300w, https:\/\/stpierre-teille.fr\/wp-content\/uploads\/2020\/11\/IMG_20201016_092151-1024x768.jpg 1024w, https:\/\/stpierre-teille.fr\/wp-content\/uploads\/2020\/11\/IMG_20201016_092151-768x576.jpg 768w, https:\/\/stpierre-teille.fr\/wp-content\/uploads\/2020\/11\/IMG_20201016_092151-1536x1152.jpg 1536w, https:\/\/stpierre-teille.fr\/wp-content\/uploads\/2020\/11\/IMG_20201016_092151.jpg 1920w\" sizes=\"auto, (max-width: 300px) 100vw, 300px\" \/><\/a><\/p>\n<p><a href=\"https:\/\/stpierre-teille.fr\/wp-content\/uploads\/2020\/11\/IMG_20201016_092155.jpg\"><img loading=\"lazy\" decoding=\"async\" class=\"size-medium wp-image-1931\" src=\"https:\/\/stpierre-teille.fr\/wp-content\/uploads\/2020\/11\/IMG_20201016_092155-300x225.jpg\" alt=\"\" width=\"300\" height=\"225\" srcset=\"https:\/\/stpierre-teille.fr\/wp-content\/uploads\/2020\/11\/IMG_20201016_092155-300x225.jpg 300w, https:\/\/stpierre-teille.fr\/wp-content\/uploads\/2020\/11\/IMG_20201016_092155-1024x768.jpg 1024w, https:\/\/stpierre-teille.fr\/wp-content\/uploads\/2020\/11\/IMG_20201016_092155-768x576.jpg 768w, https:\/\/stpierre-teille.fr\/wp-content\/uploads\/2020\/11\/IMG_20201016_092155-1536x1152.jpg 1536w, https:\/\/stpierre-teille.fr\/wp-content\/uploads\/2020\/11\/IMG_20201016_092155.jpg 1920w\" sizes=\"auto, (max-width: 300px) 100vw, 300px\" \/><\/a><\/p>\n<p><a href=\"https:\/\/stpierre-teille.fr\/wp-content\/uploads\/2020\/11\/IMG_20201016_095005.jpg\"><img loading=\"lazy\" decoding=\"async\" class=\"size-medium wp-image-1932\" src=\"https:\/\/stpierre-teille.fr\/wp-content\/uploads\/2020\/11\/IMG_20201016_095005-300x225.jpg\" alt=\"\" width=\"300\" height=\"225\" srcset=\"https:\/\/stpierre-teille.fr\/wp-content\/uploads\/2020\/11\/IMG_20201016_095005-300x225.jpg 300w, https:\/\/stpierre-teille.fr\/wp-content\/uploads\/2020\/11\/IMG_20201016_095005-1024x768.jpg 1024w, https:\/\/stpierre-teille.fr\/wp-content\/uploads\/2020\/11\/IMG_20201016_095005-768x576.jpg 768w, https:\/\/stpierre-teille.fr\/wp-content\/uploads\/2020\/11\/IMG_20201016_095005-1536x1152.jpg 1536w, https:\/\/stpierre-teille.fr\/wp-content\/uploads\/2020\/11\/IMG_20201016_095005.jpg 1920w\" sizes=\"auto, (max-width: 300px) 100vw, 300px\" \/><\/a><\/p>\n<p style=\"text-align: center;\">&nbsp;<\/p>\n<p style=\"text-align: center;\">&nbsp;<\/p>\n<p style=\"text-align: center;\">&nbsp;<\/p>\n<p style=\"text-align: center;\">&nbsp;<\/p>\n<p style=\"text-align: center;\">&nbsp;<\/p>\n<p>&nbsp;<\/p>\n<p>Chaque \u00e9l\u00e8ve s&rsquo;est vu d\u00e9cerner un dipl\u00f4me et badge de Solidarit\u00e9s International.<\/p>\n","protected":false},"excerpt":{"rendered":"<p>L&rsquo;ASCED Athl\u00e9tisme souhaite, \u00e0 travers le projet \u00ab\u00a0RAID LOIRE 2021\u00a0\u00bb, donner \u00e0 notre sport individuel, la course \u00e0 pied, un esprit collectif. Il se d\u00e9roulera en plusieurs phases avec comme aboutissement une course en relais de l&rsquo;estuaire \u00e0 la source de la Loire pour les membres du club. Le th\u00e8me choisi de \u00ab\u00a0L&rsquo;Eau\u00a0\u00bb donne l&rsquo;occasion&hellip; <br \/> <a class=\"read-more\" href=\"https:\/\/stpierre-teille.fr\/?p=1924\">Lire la suite<\/a><\/p>\n","protected":false},"author":2,"featured_media":1926,"comment_status":"closed","ping_status":"closed","sticky":false,"template":"","format":"standard","meta":{"ngg_post_thumbnail":0,"footnotes":""},"categories":[9],"tags":[],"class_list":["post-1924","post","type-post","status-publish","format-standard","has-post-thumbnail","hentry","category-vie-des-classes"],"_links":{"self":[{"href":"https:\/\/stpierre-teille.fr\/index.php?rest_route=\/wp\/v2\/posts\/1924","targetHints":{"allow":["GET"]}}],"collection":[{"href":"https:\/\/stpierre-teille.fr\/index.php?rest_route=\/wp\/v2\/posts"}],"about":[{"href":"https:\/\/stpierre-teille.fr\/index.php?rest_route=\/wp\/v2\/types\/post"}],"author":[{"embeddable":true,"href":"https:\/\/stpierre-teille.fr\/index.php?rest_route=\/wp\/v2\/users\/2"}],"replies":[{"embeddable":true,"href":"https:\/\/stpierre-teille.fr\/index.php?rest_route=%2Fwp%2Fv2%2Fcomments&post=1924"}],"version-history":[{"count":5,"href":"https:\/\/stpierre-teille.fr\/index.php?rest_route=\/wp\/v2\/posts\/1924\/revisions"}],"predecessor-version":[{"id":1937,"href":"https:\/\/stpierre-teille.fr\/index.php?rest_route=\/wp\/v2\/posts\/1924\/revisions\/1937"}],"wp:featuredmedia":[{"embeddable":true,"href":"https:\/\/stpierre-teille.fr\/index.php?rest_route=\/wp\/v2\/media\/1926"}],"wp:attachment":[{"href":"https:\/\/stpierre-teille.fr\/index.php?rest_route=%2Fwp%2Fv2%2Fmedia&parent=1924"}],"wp:term":[{"taxonomy":"category","embeddable":true,"href":"https:\/\/stpierre-teille.fr\/index.php?rest_route=%2Fwp%2Fv2%2Fcategories&post=1924"},{"taxonomy":"post_tag","embeddable":true,"href":"https:\/\/stpierre-teille.fr\/index.php?rest_route=%2Fwp%2Fv2%2Ftags&post=1924"}],"curies":[{"name":"wp","href":"https:\/\/api.w.org\/{rel}","templated":true}]}}