{"id":1910,"date":"2020-11-11T10:56:29","date_gmt":"2020-11-11T09:56:29","guid":{"rendered":"https:\/\/stpierre-teille.fr\/?p=1910"},"modified":"2020-11-14T15:28:41","modified_gmt":"2020-11-14T14:28:41","slug":"la-musique-en-maternelle","status":"publish","type":"post","link":"https:\/\/stpierre-teille.fr\/?p=1910","title":{"rendered":"LA MUSIQUE EN MATERNELLE"},"content":{"rendered":"<p>Claudie a commenc\u00e9 ses cours de musique le lundi matin , au moment de l&rsquo; accueil .<\/p>\n<p>Quelle belle mani\u00e8re de commencer notre semaine. Nous avons appris des chansons autour du th\u00e8me de l&rsquo;eau : \u00ab\u00a0L&rsquo; oiseau et la bulle\u00a0\u00bb, \u00ab\u00a0C&rsquo;est la baleine qui tourne\u00a0\u00bb , \u00a0\u00bb Flic , Flac , Floc\u00a0\u00bb.<\/p>\n<p>Nous avons aussi frapper des rythmes avec des CLAVES .<a href=\"https:\/\/stpierre-teille.fr\/wp-content\/uploads\/2020\/11\/photos-musique-1.jpg\"><img loading=\"lazy\" decoding=\"async\" class=\"alignnone size-medium wp-image-1911\" src=\"https:\/\/stpierre-teille.fr\/wp-content\/uploads\/2020\/11\/photos-musique-1-300x225.jpg\" alt=\"\" width=\"300\" height=\"225\" srcset=\"https:\/\/stpierre-teille.fr\/wp-content\/uploads\/2020\/11\/photos-musique-1-300x225.jpg 300w, https:\/\/stpierre-teille.fr\/wp-content\/uploads\/2020\/11\/photos-musique-1-1024x768.jpg 1024w, https:\/\/stpierre-teille.fr\/wp-content\/uploads\/2020\/11\/photos-musique-1-768x576.jpg 768w, https:\/\/stpierre-teille.fr\/wp-content\/uploads\/2020\/11\/photos-musique-1-1536x1152.jpg 1536w, https:\/\/stpierre-teille.fr\/wp-content\/uploads\/2020\/11\/photos-musique-1.jpg 1920w\" sizes=\"auto, (max-width: 300px) 100vw, 300px\" \/><\/a> <a href=\"https:\/\/stpierre-teille.fr\/wp-content\/uploads\/2020\/11\/photos-musique-2.jpg\"><img loading=\"lazy\" decoding=\"async\" class=\"alignnone size-medium wp-image-1912\" src=\"https:\/\/stpierre-teille.fr\/wp-content\/uploads\/2020\/11\/photos-musique-2-300x225.jpg\" alt=\"\" width=\"300\" height=\"225\" srcset=\"https:\/\/stpierre-teille.fr\/wp-content\/uploads\/2020\/11\/photos-musique-2-300x225.jpg 300w, https:\/\/stpierre-teille.fr\/wp-content\/uploads\/2020\/11\/photos-musique-2-1024x768.jpg 1024w, https:\/\/stpierre-teille.fr\/wp-content\/uploads\/2020\/11\/photos-musique-2-768x576.jpg 768w, https:\/\/stpierre-teille.fr\/wp-content\/uploads\/2020\/11\/photos-musique-2-1536x1152.jpg 1536w, https:\/\/stpierre-teille.fr\/wp-content\/uploads\/2020\/11\/photos-musique-2.jpg 1920w\" sizes=\"auto, (max-width: 300px) 100vw, 300px\" \/><\/a> <a href=\"https:\/\/stpierre-teille.fr\/wp-content\/uploads\/2020\/11\/photos-musique-3.jpg\"><img loading=\"lazy\" decoding=\"async\" class=\"alignnone size-medium wp-image-1913\" src=\"https:\/\/stpierre-teille.fr\/wp-content\/uploads\/2020\/11\/photos-musique-3-300x225.jpg\" alt=\"\" width=\"300\" height=\"225\" srcset=\"https:\/\/stpierre-teille.fr\/wp-content\/uploads\/2020\/11\/photos-musique-3-300x225.jpg 300w, https:\/\/stpierre-teille.fr\/wp-content\/uploads\/2020\/11\/photos-musique-3-1024x768.jpg 1024w, https:\/\/stpierre-teille.fr\/wp-content\/uploads\/2020\/11\/photos-musique-3-768x576.jpg 768w, https:\/\/stpierre-teille.fr\/wp-content\/uploads\/2020\/11\/photos-musique-3-1536x1152.jpg 1536w, https:\/\/stpierre-teille.fr\/wp-content\/uploads\/2020\/11\/photos-musique-3.jpg 1920w\" sizes=\"auto, (max-width: 300px) 100vw, 300px\" \/><\/a> <a href=\"https:\/\/stpierre-teille.fr\/wp-content\/uploads\/2020\/11\/photos-musique-4.jpg\"><img loading=\"lazy\" decoding=\"async\" class=\"alignnone size-medium wp-image-1914\" src=\"https:\/\/stpierre-teille.fr\/wp-content\/uploads\/2020\/11\/photos-musique-4-300x225.jpg\" alt=\"\" width=\"300\" height=\"225\" srcset=\"https:\/\/stpierre-teille.fr\/wp-content\/uploads\/2020\/11\/photos-musique-4-300x225.jpg 300w, https:\/\/stpierre-teille.fr\/wp-content\/uploads\/2020\/11\/photos-musique-4-1024x768.jpg 1024w, https:\/\/stpierre-teille.fr\/wp-content\/uploads\/2020\/11\/photos-musique-4-768x576.jpg 768w, https:\/\/stpierre-teille.fr\/wp-content\/uploads\/2020\/11\/photos-musique-4-1536x1152.jpg 1536w, https:\/\/stpierre-teille.fr\/wp-content\/uploads\/2020\/11\/photos-musique-4.jpg 1920w\" sizes=\"auto, (max-width: 300px) 100vw, 300px\" \/><\/a> <a href=\"https:\/\/stpierre-teille.fr\/wp-content\/uploads\/2020\/11\/photos-musique-5.jpg\"><img loading=\"lazy\" decoding=\"async\" class=\"alignnone size-medium wp-image-1915\" src=\"https:\/\/stpierre-teille.fr\/wp-content\/uploads\/2020\/11\/photos-musique-5-300x225.jpg\" alt=\"\" width=\"300\" height=\"225\" srcset=\"https:\/\/stpierre-teille.fr\/wp-content\/uploads\/2020\/11\/photos-musique-5-300x225.jpg 300w, https:\/\/stpierre-teille.fr\/wp-content\/uploads\/2020\/11\/photos-musique-5-1024x768.jpg 1024w, https:\/\/stpierre-teille.fr\/wp-content\/uploads\/2020\/11\/photos-musique-5-768x576.jpg 768w, https:\/\/stpierre-teille.fr\/wp-content\/uploads\/2020\/11\/photos-musique-5-1536x1152.jpg 1536w, https:\/\/stpierre-teille.fr\/wp-content\/uploads\/2020\/11\/photos-musique-5.jpg 1920w\" sizes=\"auto, (max-width: 300px) 100vw, 300px\" \/><\/a><\/p>\n<p>&nbsp;<\/p>\n","protected":false},"excerpt":{"rendered":"<p>Claudie a commenc\u00e9 ses cours de musique le lundi matin , au moment de l&rsquo; accueil . Quelle belle mani\u00e8re de commencer notre semaine. Nous avons appris des chansons autour du th\u00e8me de l&rsquo;eau : \u00ab\u00a0L&rsquo; oiseau et la bulle\u00a0\u00bb, \u00ab\u00a0C&rsquo;est la baleine qui tourne\u00a0\u00bb , \u00a0\u00bb Flic , Flac , Floc\u00a0\u00bb. Nous avons aussi&hellip; <br \/> <a class=\"read-more\" href=\"https:\/\/stpierre-teille.fr\/?p=1910\">Lire la suite<\/a><\/p>\n","protected":false},"author":7,"featured_media":1915,"comment_status":"closed","ping_status":"closed","sticky":false,"template":"","format":"standard","meta":{"ngg_post_thumbnail":0,"footnotes":""},"categories":[9],"tags":[],"class_list":["post-1910","post","type-post","status-publish","format-standard","has-post-thumbnail","hentry","category-vie-des-classes"],"_links":{"self":[{"href":"https:\/\/stpierre-teille.fr\/index.php?rest_route=\/wp\/v2\/posts\/1910","targetHints":{"allow":["GET"]}}],"collection":[{"href":"https:\/\/stpierre-teille.fr\/index.php?rest_route=\/wp\/v2\/posts"}],"about":[{"href":"https:\/\/stpierre-teille.fr\/index.php?rest_route=\/wp\/v2\/types\/post"}],"author":[{"embeddable":true,"href":"https:\/\/stpierre-teille.fr\/index.php?rest_route=\/wp\/v2\/users\/7"}],"replies":[{"embeddable":true,"href":"https:\/\/stpierre-teille.fr\/index.php?rest_route=%2Fwp%2Fv2%2Fcomments&post=1910"}],"version-history":[{"count":2,"href":"https:\/\/stpierre-teille.fr\/index.php?rest_route=\/wp\/v2\/posts\/1910\/revisions"}],"predecessor-version":[{"id":1921,"href":"https:\/\/stpierre-teille.fr\/index.php?rest_route=\/wp\/v2\/posts\/1910\/revisions\/1921"}],"wp:featuredmedia":[{"embeddable":true,"href":"https:\/\/stpierre-teille.fr\/index.php?rest_route=\/wp\/v2\/media\/1915"}],"wp:attachment":[{"href":"https:\/\/stpierre-teille.fr\/index.php?rest_route=%2Fwp%2Fv2%2Fmedia&parent=1910"}],"wp:term":[{"taxonomy":"category","embeddable":true,"href":"https:\/\/stpierre-teille.fr\/index.php?rest_route=%2Fwp%2Fv2%2Fcategories&post=1910"},{"taxonomy":"post_tag","embeddable":true,"href":"https:\/\/stpierre-teille.fr\/index.php?rest_route=%2Fwp%2Fv2%2Ftags&post=1910"}],"curies":[{"name":"wp","href":"https:\/\/api.w.org\/{rel}","templated":true}]}}