{"id":1888,"date":"2020-09-29T15:50:12","date_gmt":"2020-09-29T14:50:12","guid":{"rendered":"https:\/\/stpierre-teille.fr\/?p=1888"},"modified":"2020-11-26T14:43:16","modified_gmt":"2020-11-26T13:43:16","slug":"celebration-de-rentree","status":"publish","type":"post","link":"https:\/\/stpierre-teille.fr\/?p=1888","title":{"rendered":"C\u00e9l\u00e9bration de rentr\u00e9e"},"content":{"rendered":"<p>Comme le veut la tradition \u00e0 l&rsquo;\u00e9cole Saint Pierre, nous nous sommes tous r\u00e9unis sur la cour du bas pour f\u00eater la nouvelle rentr\u00e9e scolaire.<\/p>\n<p><a href=\"https:\/\/stpierre-teille.fr\/wp-content\/uploads\/2020\/09\/IMG_0690.jpg\"><img loading=\"lazy\" decoding=\"async\" class=\"aligncenter size-medium wp-image-1869\" src=\"https:\/\/stpierre-teille.fr\/wp-content\/uploads\/2020\/09\/IMG_0690-300x225.jpg\" alt=\"\" width=\"300\" height=\"225\" srcset=\"https:\/\/stpierre-teille.fr\/wp-content\/uploads\/2020\/09\/IMG_0690-300x225.jpg 300w, https:\/\/stpierre-teille.fr\/wp-content\/uploads\/2020\/09\/IMG_0690-1024x768.jpg 1024w, https:\/\/stpierre-teille.fr\/wp-content\/uploads\/2020\/09\/IMG_0690-768x576.jpg 768w, https:\/\/stpierre-teille.fr\/wp-content\/uploads\/2020\/09\/IMG_0690-1536x1152.jpg 1536w, https:\/\/stpierre-teille.fr\/wp-content\/uploads\/2020\/09\/IMG_0690.jpg 1920w\" sizes=\"auto, (max-width: 300px) 100vw, 300px\" \/><\/a><\/p>\n<p>Ce fut l&rsquo;occasion de pr\u00e9senter les nouveaux adultes : Khadija et Mala\u00e9e;<\/p>\n<p>puis les nouveaux \u00e9l\u00e8ves:<\/p>\n<ul>\n<li style=\"list-style-type: none;\">\n<ul>\n<li>en PS: Martin, Ma\u00ebl, Ma\u00ebna, Tha\u00efs, Gabriel, Lo\u00efs, Mathis, Luis, Hugo et C\u00f4me;<img loading=\"lazy\" decoding=\"async\" class=\"aligncenter size-medium wp-image-1887\" src=\"https:\/\/stpierre-teille.fr\/wp-content\/uploads\/2020\/09\/IMG_0697-225x300.jpg\" alt=\"\" width=\"225\" height=\"300\" srcset=\"https:\/\/stpierre-teille.fr\/wp-content\/uploads\/2020\/09\/IMG_0697-225x300.jpg 225w, https:\/\/stpierre-teille.fr\/wp-content\/uploads\/2020\/09\/IMG_0697-768x1024.jpg 768w, https:\/\/stpierre-teille.fr\/wp-content\/uploads\/2020\/09\/IMG_0697-1152x1536.jpg 1152w, https:\/\/stpierre-teille.fr\/wp-content\/uploads\/2020\/09\/IMG_0697.jpg 1440w\" sizes=\"auto, (max-width: 225px) 100vw, 225px\" \/><img loading=\"lazy\" decoding=\"async\" class=\"aligncenter size-medium wp-image-1884\" src=\"https:\/\/stpierre-teille.fr\/wp-content\/uploads\/2020\/09\/IMG_0695-225x300.jpg\" alt=\"\" width=\"225\" height=\"300\" srcset=\"https:\/\/stpierre-teille.fr\/wp-content\/uploads\/2020\/09\/IMG_0695-225x300.jpg 225w, https:\/\/stpierre-teille.fr\/wp-content\/uploads\/2020\/09\/IMG_0695-768x1024.jpg 768w, https:\/\/stpierre-teille.fr\/wp-content\/uploads\/2020\/09\/IMG_0695-1152x1536.jpg 1152w, https:\/\/stpierre-teille.fr\/wp-content\/uploads\/2020\/09\/IMG_0695.jpg 1440w\" sizes=\"auto, (max-width: 225px) 100vw, 225px\" \/><img loading=\"lazy\" decoding=\"async\" class=\"aligncenter size-medium wp-image-1876\" src=\"https:\/\/stpierre-teille.fr\/wp-content\/uploads\/2020\/09\/IMG_0702-225x300.jpg\" alt=\"\" width=\"225\" height=\"300\" srcset=\"https:\/\/stpierre-teille.fr\/wp-content\/uploads\/2020\/09\/IMG_0702-225x300.jpg 225w, https:\/\/stpierre-teille.fr\/wp-content\/uploads\/2020\/09\/IMG_0702-768x1024.jpg 768w, https:\/\/stpierre-teille.fr\/wp-content\/uploads\/2020\/09\/IMG_0702-1152x1536.jpg 1152w, https:\/\/stpierre-teille.fr\/wp-content\/uploads\/2020\/09\/IMG_0702.jpg 1440w\" sizes=\"auto, (max-width: 225px) 100vw, 225px\" \/><img loading=\"lazy\" decoding=\"async\" class=\"aligncenter size-medium wp-image-1875\" src=\"https:\/\/stpierre-teille.fr\/wp-content\/uploads\/2020\/09\/IMG_0701-225x300.jpg\" alt=\"\" width=\"225\" height=\"300\" srcset=\"https:\/\/stpierre-teille.fr\/wp-content\/uploads\/2020\/09\/IMG_0701-225x300.jpg 225w, https:\/\/stpierre-teille.fr\/wp-content\/uploads\/2020\/09\/IMG_0701-768x1024.jpg 768w, https:\/\/stpierre-teille.fr\/wp-content\/uploads\/2020\/09\/IMG_0701-1152x1536.jpg 1152w, https:\/\/stpierre-teille.fr\/wp-content\/uploads\/2020\/09\/IMG_0701.jpg 1440w\" sizes=\"auto, (max-width: 225px) 100vw, 225px\" \/><img loading=\"lazy\" decoding=\"async\" class=\"aligncenter size-medium wp-image-1874\" src=\"https:\/\/stpierre-teille.fr\/wp-content\/uploads\/2020\/09\/IMG_0700-225x300.jpg\" alt=\"\" width=\"225\" height=\"300\" srcset=\"https:\/\/stpierre-teille.fr\/wp-content\/uploads\/2020\/09\/IMG_0700-225x300.jpg 225w, https:\/\/stpierre-teille.fr\/wp-content\/uploads\/2020\/09\/IMG_0700-768x1024.jpg 768w, https:\/\/stpierre-teille.fr\/wp-content\/uploads\/2020\/09\/IMG_0700-1152x1536.jpg 1152w, https:\/\/stpierre-teille.fr\/wp-content\/uploads\/2020\/09\/IMG_0700.jpg 1440w\" sizes=\"auto, (max-width: 225px) 100vw, 225px\" \/><img loading=\"lazy\" decoding=\"async\" class=\"aligncenter size-medium wp-image-1873\" src=\"https:\/\/stpierre-teille.fr\/wp-content\/uploads\/2020\/09\/IMG_0699-225x300.jpg\" alt=\"\" width=\"225\" height=\"300\" srcset=\"https:\/\/stpierre-teille.fr\/wp-content\/uploads\/2020\/09\/IMG_0699-225x300.jpg 225w, https:\/\/stpierre-teille.fr\/wp-content\/uploads\/2020\/09\/IMG_0699-768x1024.jpg 768w, https:\/\/stpierre-teille.fr\/wp-content\/uploads\/2020\/09\/IMG_0699-1152x1536.jpg 1152w, https:\/\/stpierre-teille.fr\/wp-content\/uploads\/2020\/09\/IMG_0699.jpg 1440w\" sizes=\"auto, (max-width: 225px) 100vw, 225px\" \/><img loading=\"lazy\" decoding=\"async\" class=\"aligncenter size-medium wp-image-1872\" src=\"https:\/\/stpierre-teille.fr\/wp-content\/uploads\/2020\/09\/IMG_0698-225x300.jpg\" alt=\"\" width=\"225\" height=\"300\" srcset=\"https:\/\/stpierre-teille.fr\/wp-content\/uploads\/2020\/09\/IMG_0698-225x300.jpg 225w, https:\/\/stpierre-teille.fr\/wp-content\/uploads\/2020\/09\/IMG_0698-768x1024.jpg 768w, https:\/\/stpierre-teille.fr\/wp-content\/uploads\/2020\/09\/IMG_0698-1152x1536.jpg 1152w, https:\/\/stpierre-teille.fr\/wp-content\/uploads\/2020\/09\/IMG_0698.jpg 1440w\" sizes=\"auto, (max-width: 225px) 100vw, 225px\" \/><\/li>\n<li>en MS: Rachel (arriv\u00e9e en cours d&rsquo;ann\u00e9e derni\u00e8re)<a href=\"https:\/\/stpierre-teille.fr\/wp-content\/uploads\/2020\/09\/IMG_0704.jpg\"><img loading=\"lazy\" decoding=\"async\" class=\"aligncenter size-medium wp-image-1877\" src=\"https:\/\/stpierre-teille.fr\/wp-content\/uploads\/2020\/09\/IMG_0704-225x300.jpg\" alt=\"\" width=\"225\" height=\"300\" srcset=\"https:\/\/stpierre-teille.fr\/wp-content\/uploads\/2020\/09\/IMG_0704-225x300.jpg 225w, https:\/\/stpierre-teille.fr\/wp-content\/uploads\/2020\/09\/IMG_0704-768x1024.jpg 768w, https:\/\/stpierre-teille.fr\/wp-content\/uploads\/2020\/09\/IMG_0704-1152x1536.jpg 1152w, https:\/\/stpierre-teille.fr\/wp-content\/uploads\/2020\/09\/IMG_0704.jpg 1440w\" sizes=\"auto, (max-width: 225px) 100vw, 225px\" \/><\/a><\/li>\n<li>en GS: Faustine<br \/>\n<a href=\"https:\/\/stpierre-teille.fr\/wp-content\/uploads\/2020\/09\/IMG_0696.jpg\"><img loading=\"lazy\" decoding=\"async\" class=\"aligncenter size-medium wp-image-1871\" src=\"https:\/\/stpierre-teille.fr\/wp-content\/uploads\/2020\/09\/IMG_0696-225x300.jpg\" alt=\"\" width=\"225\" height=\"300\" srcset=\"https:\/\/stpierre-teille.fr\/wp-content\/uploads\/2020\/09\/IMG_0696-225x300.jpg 225w, https:\/\/stpierre-teille.fr\/wp-content\/uploads\/2020\/09\/IMG_0696-768x1024.jpg 768w, https:\/\/stpierre-teille.fr\/wp-content\/uploads\/2020\/09\/IMG_0696-1152x1536.jpg 1152w, https:\/\/stpierre-teille.fr\/wp-content\/uploads\/2020\/09\/IMG_0696.jpg 1440w\" sizes=\"auto, (max-width: 225px) 100vw, 225px\" \/><\/a><\/li>\n<li>en CE1: Liam<a href=\"https:\/\/stpierre-teille.fr\/wp-content\/uploads\/2020\/09\/IMG_0705.jpg\"><img loading=\"lazy\" decoding=\"async\" class=\"aligncenter size-medium wp-image-1897\" src=\"https:\/\/stpierre-teille.fr\/wp-content\/uploads\/2020\/09\/IMG_0705-225x300.jpg\" alt=\"\" width=\"225\" height=\"300\" srcset=\"https:\/\/stpierre-teille.fr\/wp-content\/uploads\/2020\/09\/IMG_0705-225x300.jpg 225w, https:\/\/stpierre-teille.fr\/wp-content\/uploads\/2020\/09\/IMG_0705-768x1024.jpg 768w, https:\/\/stpierre-teille.fr\/wp-content\/uploads\/2020\/09\/IMG_0705-1152x1536.jpg 1152w, https:\/\/stpierre-teille.fr\/wp-content\/uploads\/2020\/09\/IMG_0705.jpg 1440w\" sizes=\"auto, (max-width: 225px) 100vw, 225px\" \/><\/a><\/li>\n<li>en CE2: Lana, Nolan et Gabin<img loading=\"lazy\" decoding=\"async\" class=\"aligncenter size-medium wp-image-1878\" src=\"https:\/\/stpierre-teille.fr\/wp-content\/uploads\/2020\/09\/IMG_0706-225x300.jpg\" alt=\"\" width=\"225\" height=\"300\" srcset=\"https:\/\/stpierre-teille.fr\/wp-content\/uploads\/2020\/09\/IMG_0706-225x300.jpg 225w, https:\/\/stpierre-teille.fr\/wp-content\/uploads\/2020\/09\/IMG_0706-768x1024.jpg 768w, https:\/\/stpierre-teille.fr\/wp-content\/uploads\/2020\/09\/IMG_0706-1152x1536.jpg 1152w, https:\/\/stpierre-teille.fr\/wp-content\/uploads\/2020\/09\/IMG_0706.jpg 1440w\" sizes=\"auto, (max-width: 225px) 100vw, 225px\" \/><\/li>\n<\/ul>\n<\/li>\n<\/ul>\n<p><img loading=\"lazy\" decoding=\"async\" class=\"aligncenter size-medium wp-image-1879\" src=\"https:\/\/stpierre-teille.fr\/wp-content\/uploads\/2020\/09\/IMG_0707-225x300.jpg\" alt=\"\" width=\"225\" height=\"300\" srcset=\"https:\/\/stpierre-teille.fr\/wp-content\/uploads\/2020\/09\/IMG_0707-225x300.jpg 225w, https:\/\/stpierre-teille.fr\/wp-content\/uploads\/2020\/09\/IMG_0707-768x1024.jpg 768w, https:\/\/stpierre-teille.fr\/wp-content\/uploads\/2020\/09\/IMG_0707-1152x1536.jpg 1152w, https:\/\/stpierre-teille.fr\/wp-content\/uploads\/2020\/09\/IMG_0707.jpg 1440w\" sizes=\"auto, (max-width: 225px) 100vw, 225px\" \/><a href=\"https:\/\/stpierre-teille.fr\/wp-content\/uploads\/2020\/09\/IMG_0708.jpg\"><img loading=\"lazy\" decoding=\"async\" class=\"aligncenter size-medium wp-image-1880\" src=\"https:\/\/stpierre-teille.fr\/wp-content\/uploads\/2020\/09\/IMG_0708-225x300.jpg\" alt=\"\" width=\"225\" height=\"300\" srcset=\"https:\/\/stpierre-teille.fr\/wp-content\/uploads\/2020\/09\/IMG_0708-225x300.jpg 225w, https:\/\/stpierre-teille.fr\/wp-content\/uploads\/2020\/09\/IMG_0708-768x1024.jpg 768w, https:\/\/stpierre-teille.fr\/wp-content\/uploads\/2020\/09\/IMG_0708-1152x1536.jpg 1152w, https:\/\/stpierre-teille.fr\/wp-content\/uploads\/2020\/09\/IMG_0708.jpg 1440w\" sizes=\"auto, (max-width: 225px) 100vw, 225px\" \/><\/a><\/p>\n<ul>\n<li>en CM1: Nathan<a href=\"https:\/\/stpierre-teille.fr\/wp-content\/uploads\/2020\/09\/IMG_0709.jpg\"><img loading=\"lazy\" decoding=\"async\" class=\"aligncenter size-medium wp-image-1898\" src=\"https:\/\/stpierre-teille.fr\/wp-content\/uploads\/2020\/09\/IMG_0709-225x300.jpg\" alt=\"\" width=\"225\" height=\"300\" srcset=\"https:\/\/stpierre-teille.fr\/wp-content\/uploads\/2020\/09\/IMG_0709-225x300.jpg 225w, https:\/\/stpierre-teille.fr\/wp-content\/uploads\/2020\/09\/IMG_0709-768x1024.jpg 768w, https:\/\/stpierre-teille.fr\/wp-content\/uploads\/2020\/09\/IMG_0709-1152x1536.jpg 1152w, https:\/\/stpierre-teille.fr\/wp-content\/uploads\/2020\/09\/IMG_0709.jpg 1440w\" sizes=\"auto, (max-width: 225px) 100vw, 225px\" \/><\/a><\/li>\n<li>en CM2: M\u00efley<a href=\"https:\/\/stpierre-teille.fr\/wp-content\/uploads\/2020\/09\/IMG_0710.jpg\"><img loading=\"lazy\" decoding=\"async\" class=\"aligncenter size-medium wp-image-1881\" src=\"https:\/\/stpierre-teille.fr\/wp-content\/uploads\/2020\/09\/IMG_0710-225x300.jpg\" alt=\"\" width=\"225\" height=\"300\" srcset=\"https:\/\/stpierre-teille.fr\/wp-content\/uploads\/2020\/09\/IMG_0710-225x300.jpg 225w, https:\/\/stpierre-teille.fr\/wp-content\/uploads\/2020\/09\/IMG_0710-768x1024.jpg 768w, https:\/\/stpierre-teille.fr\/wp-content\/uploads\/2020\/09\/IMG_0710-1152x1536.jpg 1152w, https:\/\/stpierre-teille.fr\/wp-content\/uploads\/2020\/09\/IMG_0710.jpg 1440w\" sizes=\"auto, (max-width: 225px) 100vw, 225px\" \/><\/a>Gildas a lu une histoire: <em>La rentr\u00e9e des mamans,<\/em> o\u00f9 ce sont les mamans qui ne veulent pas retourner \u00e0 l&rsquo;\u00e9cole.<a href=\"https:\/\/stpierre-teille.fr\/wp-content\/uploads\/2020\/09\/IMG_0694.jpg\"><img loading=\"lazy\" decoding=\"async\" class=\"aligncenter size-medium wp-image-1870\" src=\"https:\/\/stpierre-teille.fr\/wp-content\/uploads\/2020\/09\/IMG_0694-300x225.jpg\" alt=\"\" width=\"300\" height=\"225\" srcset=\"https:\/\/stpierre-teille.fr\/wp-content\/uploads\/2020\/09\/IMG_0694-300x225.jpg 300w, https:\/\/stpierre-teille.fr\/wp-content\/uploads\/2020\/09\/IMG_0694-1024x768.jpg 1024w, https:\/\/stpierre-teille.fr\/wp-content\/uploads\/2020\/09\/IMG_0694-768x576.jpg 768w, https:\/\/stpierre-teille.fr\/wp-content\/uploads\/2020\/09\/IMG_0694-1536x1152.jpg 1536w, https:\/\/stpierre-teille.fr\/wp-content\/uploads\/2020\/09\/IMG_0694.jpg 1920w\" sizes=\"auto, (max-width: 300px) 100vw, 300px\" \/><\/a><\/li>\n<\/ul>\n<p>Chaque classe a ensuite pr\u00e9sent\u00e9 une petite chanson:<\/p>\n<ul>\n<li>les maternelles ont chant\u00e9 <em>Tu dis bonjour le matin,&nbsp;<\/em><\/li>\n<li>les CP-CE1-CE2: <em>Il manque une puce dans l&rsquo;arche de No\u00e9,<\/em><\/li>\n<li>les CE2-CM1-CM2: <em>Champs-Elys\u00e9es<\/em> accompagn\u00e9s par Gildas au ukul\u00e9l\u00e9.<\/li>\n<\/ul>\n<p>Nous nous sommes quitt\u00e9s en se souhaitant une bonne rentr\u00e9e!<\/p>\n<p>&nbsp;<\/p>\n","protected":false},"excerpt":{"rendered":"<p>Comme le veut la tradition \u00e0 l&rsquo;\u00e9cole Saint Pierre, nous nous sommes tous r\u00e9unis sur la cour du bas pour f\u00eater la nouvelle rentr\u00e9e scolaire. Ce fut l&rsquo;occasion de pr\u00e9senter les nouveaux adultes : Khadija et Mala\u00e9e; puis les nouveaux \u00e9l\u00e8ves: en PS: Martin, Ma\u00ebl, Ma\u00ebna, Tha\u00efs, Gabriel, Lo\u00efs, Mathis, Luis, Hugo et C\u00f4me; en&hellip; <br \/> <a class=\"read-more\" href=\"https:\/\/stpierre-teille.fr\/?p=1888\">Lire la suite<\/a><\/p>\n","protected":false},"author":3,"featured_media":1869,"comment_status":"closed","ping_status":"closed","sticky":false,"template":"","format":"standard","meta":{"ngg_post_thumbnail":0,"footnotes":""},"categories":[1,9],"tags":[],"class_list":["post-1888","post","type-post","status-publish","format-standard","has-post-thumbnail","hentry","category-non-classe","category-vie-des-classes"],"_links":{"self":[{"href":"https:\/\/stpierre-teille.fr\/index.php?rest_route=\/wp\/v2\/posts\/1888","targetHints":{"allow":["GET"]}}],"collection":[{"href":"https:\/\/stpierre-teille.fr\/index.php?rest_route=\/wp\/v2\/posts"}],"about":[{"href":"https:\/\/stpierre-teille.fr\/index.php?rest_route=\/wp\/v2\/types\/post"}],"author":[{"embeddable":true,"href":"https:\/\/stpierre-teille.fr\/index.php?rest_route=\/wp\/v2\/users\/3"}],"replies":[{"embeddable":true,"href":"https:\/\/stpierre-teille.fr\/index.php?rest_route=%2Fwp%2Fv2%2Fcomments&post=1888"}],"version-history":[{"count":7,"href":"https:\/\/stpierre-teille.fr\/index.php?rest_route=\/wp\/v2\/posts\/1888\/revisions"}],"predecessor-version":[{"id":1923,"href":"https:\/\/stpierre-teille.fr\/index.php?rest_route=\/wp\/v2\/posts\/1888\/revisions\/1923"}],"wp:featuredmedia":[{"embeddable":true,"href":"https:\/\/stpierre-teille.fr\/index.php?rest_route=\/wp\/v2\/media\/1869"}],"wp:attachment":[{"href":"https:\/\/stpierre-teille.fr\/index.php?rest_route=%2Fwp%2Fv2%2Fmedia&parent=1888"}],"wp:term":[{"taxonomy":"category","embeddable":true,"href":"https:\/\/stpierre-teille.fr\/index.php?rest_route=%2Fwp%2Fv2%2Fcategories&post=1888"},{"taxonomy":"post_tag","embeddable":true,"href":"https:\/\/stpierre-teille.fr\/index.php?rest_route=%2Fwp%2Fv2%2Ftags&post=1888"}],"curies":[{"name":"wp","href":"https:\/\/api.w.org\/{rel}","templated":true}]}}