{"id":1476,"date":"2020-01-09T08:35:17","date_gmt":"2020-01-09T07:35:17","guid":{"rendered":"https:\/\/stpierre-teille.fr\/?p=1476"},"modified":"2020-01-29T12:00:16","modified_gmt":"2020-01-29T11:00:16","slug":"repetition-a-la-maison-de-retraite","status":"publish","type":"post","link":"https:\/\/stpierre-teille.fr\/?p=1476","title":{"rendered":"R\u00e9p\u00e9tition \u00e0 la maison de retraite"},"content":{"rendered":"<p>Lundi 16 d\u00e9cembre 2019, les trois classes de l&rsquo;\u00e9cole Saint Pierre sont all\u00e9es r\u00e9p\u00e9ter les chants pour le concert de No\u00ebl \u00e0 l&rsquo;EHPAD Sainte Famille avec les r\u00e9sidents. <a href=\"https:\/\/stpierre-teille.fr\/wp-content\/uploads\/2020\/01\/IMG_0111.jpg\"><img loading=\"lazy\" decoding=\"async\" class=\"aligncenter size-full wp-image-1475\" src=\"https:\/\/stpierre-teille.fr\/wp-content\/uploads\/2020\/01\/IMG_0111.jpg\" alt=\"\" width=\"640\" height=\"480\" srcset=\"https:\/\/stpierre-teille.fr\/wp-content\/uploads\/2020\/01\/IMG_0111.jpg 640w, https:\/\/stpierre-teille.fr\/wp-content\/uploads\/2020\/01\/IMG_0111-300x225.jpg 300w\" sizes=\"auto, (max-width: 640px) 100vw, 640px\" \/><\/a> <a href=\"https:\/\/stpierre-teille.fr\/wp-content\/uploads\/2020\/01\/IMG_0109.jpg\"><img loading=\"lazy\" decoding=\"async\" class=\"aligncenter size-full wp-image-1474\" src=\"https:\/\/stpierre-teille.fr\/wp-content\/uploads\/2020\/01\/IMG_0109.jpg\" alt=\"\" width=\"640\" height=\"480\" srcset=\"https:\/\/stpierre-teille.fr\/wp-content\/uploads\/2020\/01\/IMG_0109.jpg 640w, https:\/\/stpierre-teille.fr\/wp-content\/uploads\/2020\/01\/IMG_0109-300x225.jpg 300w\" sizes=\"auto, (max-width: 640px) 100vw, 640px\" \/><\/a> <a href=\"https:\/\/stpierre-teille.fr\/wp-content\/uploads\/2020\/01\/IMG_0106.jpg\"><img loading=\"lazy\" decoding=\"async\" class=\"aligncenter size-full wp-image-1472\" src=\"https:\/\/stpierre-teille.fr\/wp-content\/uploads\/2020\/01\/IMG_0106.jpg\" alt=\"\" width=\"640\" height=\"480\" srcset=\"https:\/\/stpierre-teille.fr\/wp-content\/uploads\/2020\/01\/IMG_0106.jpg 640w, https:\/\/stpierre-teille.fr\/wp-content\/uploads\/2020\/01\/IMG_0106-300x225.jpg 300w\" sizes=\"auto, (max-width: 640px) 100vw, 640px\" \/><\/a> <a href=\"https:\/\/stpierre-teille.fr\/wp-content\/uploads\/2020\/01\/IMG_0107.jpg\"><img loading=\"lazy\" decoding=\"async\" class=\"aligncenter size-full wp-image-1473\" src=\"https:\/\/stpierre-teille.fr\/wp-content\/uploads\/2020\/01\/IMG_0107.jpg\" alt=\"\" width=\"640\" height=\"480\" srcset=\"https:\/\/stpierre-teille.fr\/wp-content\/uploads\/2020\/01\/IMG_0107.jpg 640w, https:\/\/stpierre-teille.fr\/wp-content\/uploads\/2020\/01\/IMG_0107-300x225.jpg 300w\" sizes=\"auto, (max-width: 640px) 100vw, 640px\" \/><\/a> <a href=\"https:\/\/stpierre-teille.fr\/wp-content\/uploads\/2020\/01\/IMG_0104.jpg\"><img loading=\"lazy\" decoding=\"async\" class=\"aligncenter size-full wp-image-1471\" src=\"https:\/\/stpierre-teille.fr\/wp-content\/uploads\/2020\/01\/IMG_0104.jpg\" alt=\"\" width=\"640\" height=\"480\" srcset=\"https:\/\/stpierre-teille.fr\/wp-content\/uploads\/2020\/01\/IMG_0104.jpg 640w, https:\/\/stpierre-teille.fr\/wp-content\/uploads\/2020\/01\/IMG_0104-300x225.jpg 300w\" sizes=\"auto, (max-width: 640px) 100vw, 640px\" \/><\/a> <a href=\"https:\/\/stpierre-teille.fr\/wp-content\/uploads\/2020\/01\/IMG_0102.jpg\"><img loading=\"lazy\" decoding=\"async\" class=\"aligncenter size-full wp-image-1470\" src=\"https:\/\/stpierre-teille.fr\/wp-content\/uploads\/2020\/01\/IMG_0102.jpg\" alt=\"\" width=\"640\" height=\"480\" srcset=\"https:\/\/stpierre-teille.fr\/wp-content\/uploads\/2020\/01\/IMG_0102.jpg 640w, https:\/\/stpierre-teille.fr\/wp-content\/uploads\/2020\/01\/IMG_0102-300x225.jpg 300w\" sizes=\"auto, (max-width: 640px) 100vw, 640px\" \/><\/a> <a href=\"https:\/\/stpierre-teille.fr\/wp-content\/uploads\/2020\/01\/IMG_0101.jpg\"><img loading=\"lazy\" decoding=\"async\" class=\"aligncenter size-full wp-image-1469\" src=\"https:\/\/stpierre-teille.fr\/wp-content\/uploads\/2020\/01\/IMG_0101.jpg\" alt=\"\" width=\"640\" height=\"480\" srcset=\"https:\/\/stpierre-teille.fr\/wp-content\/uploads\/2020\/01\/IMG_0101.jpg 640w, https:\/\/stpierre-teille.fr\/wp-content\/uploads\/2020\/01\/IMG_0101-300x225.jpg 300w\" sizes=\"auto, (max-width: 640px) 100vw, 640px\" \/><\/a> <a href=\"https:\/\/stpierre-teille.fr\/wp-content\/uploads\/2020\/01\/IMG_0100.jpg\"><img loading=\"lazy\" decoding=\"async\" class=\"aligncenter size-full wp-image-1468\" src=\"https:\/\/stpierre-teille.fr\/wp-content\/uploads\/2020\/01\/IMG_0100.jpg\" alt=\"\" width=\"640\" height=\"480\" srcset=\"https:\/\/stpierre-teille.fr\/wp-content\/uploads\/2020\/01\/IMG_0100.jpg 640w, https:\/\/stpierre-teille.fr\/wp-content\/uploads\/2020\/01\/IMG_0100-300x225.jpg 300w\" sizes=\"auto, (max-width: 640px) 100vw, 640px\" \/><\/a> <a href=\"https:\/\/stpierre-teille.fr\/wp-content\/uploads\/2020\/01\/IMG_0096.jpg\"><img loading=\"lazy\" decoding=\"async\" class=\"aligncenter size-full wp-image-1467\" src=\"https:\/\/stpierre-teille.fr\/wp-content\/uploads\/2020\/01\/IMG_0096.jpg\" alt=\"\" width=\"640\" height=\"480\" srcset=\"https:\/\/stpierre-teille.fr\/wp-content\/uploads\/2020\/01\/IMG_0096.jpg 640w, https:\/\/stpierre-teille.fr\/wp-content\/uploads\/2020\/01\/IMG_0096-300x225.jpg 300w\" sizes=\"auto, (max-width: 640px) 100vw, 640px\" \/><\/a> <a href=\"https:\/\/stpierre-teille.fr\/wp-content\/uploads\/2020\/01\/IMG_0094.jpg\"><img loading=\"lazy\" decoding=\"async\" class=\"aligncenter size-full wp-image-1466\" src=\"https:\/\/stpierre-teille.fr\/wp-content\/uploads\/2020\/01\/IMG_0094.jpg\" alt=\"\" width=\"640\" height=\"480\" srcset=\"https:\/\/stpierre-teille.fr\/wp-content\/uploads\/2020\/01\/IMG_0094.jpg 640w, https:\/\/stpierre-teille.fr\/wp-content\/uploads\/2020\/01\/IMG_0094-300x225.jpg 300w\" sizes=\"auto, (max-width: 640px) 100vw, 640px\" \/><\/a><\/p>\n","protected":false},"excerpt":{"rendered":"<p>Lundi 16 d\u00e9cembre 2019, les trois classes de l&rsquo;\u00e9cole Saint Pierre sont all\u00e9es r\u00e9p\u00e9ter les chants pour le concert de No\u00ebl \u00e0 l&rsquo;EHPAD Sainte Famille avec les r\u00e9sidents.<\/p>\n","protected":false},"author":3,"featured_media":1471,"comment_status":"closed","ping_status":"closed","sticky":false,"template":"","format":"standard","meta":{"ngg_post_thumbnail":0,"footnotes":""},"categories":[9],"tags":[],"class_list":["post-1476","post","type-post","status-publish","format-standard","has-post-thumbnail","hentry","category-vie-des-classes"],"_links":{"self":[{"href":"https:\/\/stpierre-teille.fr\/index.php?rest_route=\/wp\/v2\/posts\/1476","targetHints":{"allow":["GET"]}}],"collection":[{"href":"https:\/\/stpierre-teille.fr\/index.php?rest_route=\/wp\/v2\/posts"}],"about":[{"href":"https:\/\/stpierre-teille.fr\/index.php?rest_route=\/wp\/v2\/types\/post"}],"author":[{"embeddable":true,"href":"https:\/\/stpierre-teille.fr\/index.php?rest_route=\/wp\/v2\/users\/3"}],"replies":[{"embeddable":true,"href":"https:\/\/stpierre-teille.fr\/index.php?rest_route=%2Fwp%2Fv2%2Fcomments&post=1476"}],"version-history":[{"count":3,"href":"https:\/\/stpierre-teille.fr\/index.php?rest_route=\/wp\/v2\/posts\/1476\/revisions"}],"predecessor-version":[{"id":1515,"href":"https:\/\/stpierre-teille.fr\/index.php?rest_route=\/wp\/v2\/posts\/1476\/revisions\/1515"}],"wp:featuredmedia":[{"embeddable":true,"href":"https:\/\/stpierre-teille.fr\/index.php?rest_route=\/wp\/v2\/media\/1471"}],"wp:attachment":[{"href":"https:\/\/stpierre-teille.fr\/index.php?rest_route=%2Fwp%2Fv2%2Fmedia&parent=1476"}],"wp:term":[{"taxonomy":"category","embeddable":true,"href":"https:\/\/stpierre-teille.fr\/index.php?rest_route=%2Fwp%2Fv2%2Fcategories&post=1476"},{"taxonomy":"post_tag","embeddable":true,"href":"https:\/\/stpierre-teille.fr\/index.php?rest_route=%2Fwp%2Fv2%2Ftags&post=1476"}],"curies":[{"name":"wp","href":"https:\/\/api.w.org\/{rel}","templated":true}]}}