{"id":1454,"date":"2019-12-23T16:15:20","date_gmt":"2019-12-23T15:15:20","guid":{"rendered":"https:\/\/stpierre-teille.fr\/?p=1454"},"modified":"2020-01-29T12:00:49","modified_gmt":"2020-01-29T11:00:49","slug":"anniversaires-de-la-deuxieme-periode","status":"publish","type":"post","link":"https:\/\/stpierre-teille.fr\/?p=1454","title":{"rendered":"Anniversaires de la deuxi\u00e8me p\u00e9riode"},"content":{"rendered":"<p>Pour les anniversaires de la premi\u00e8re p\u00e9riode , nous avions d\u00e9gust\u00e9 un g\u00e2teau aux l\u00e9gumes .Cette fois-ci nous avions des fruits .Nina , Baptiste , H\u00e9merick et Eden ont pr\u00e9par\u00e9 de d\u00e9licieuses brochettes de fruits .Il y avait des cl\u00e9mentines , des bananes &nbsp;, des pommes et des kiwis<\/p>\n<p>Bravo aux cuisiniers !!!et encore BON ANNIVERSAIRE<\/p>\n<p><a href=\"https:\/\/stpierre-teille.fr\/wp-content\/uploads\/2019\/12\/anniversaire-2p\u00e9riode-2-.jpg\"><img loading=\"lazy\" decoding=\"async\" class=\"alignnone size-medium wp-image-1459\" src=\"https:\/\/stpierre-teille.fr\/wp-content\/uploads\/2019\/12\/anniversaire-2p\u00e9riode-2--225x300.jpg\" alt=\"\" width=\"225\" height=\"300\" srcset=\"https:\/\/stpierre-teille.fr\/wp-content\/uploads\/2019\/12\/anniversaire-2p\u00e9riode-2--225x300.jpg 225w, https:\/\/stpierre-teille.fr\/wp-content\/uploads\/2019\/12\/anniversaire-2p\u00e9riode-2--768x1024.jpg 768w, https:\/\/stpierre-teille.fr\/wp-content\/uploads\/2019\/12\/anniversaire-2p\u00e9riode-2--1152x1536.jpg 1152w, https:\/\/stpierre-teille.fr\/wp-content\/uploads\/2019\/12\/anniversaire-2p\u00e9riode-2-.jpg 1440w\" sizes=\"auto, (max-width: 225px) 100vw, 225px\" \/><\/a> <a href=\"https:\/\/stpierre-teille.fr\/wp-content\/uploads\/2019\/12\/anniversaire-3-p\u00e9riode-2.jpg\"><img loading=\"lazy\" decoding=\"async\" class=\"alignnone size-medium wp-image-1457\" src=\"https:\/\/stpierre-teille.fr\/wp-content\/uploads\/2019\/12\/anniversaire-3-p\u00e9riode-2-300x225.jpg\" alt=\"\" width=\"300\" height=\"225\" srcset=\"https:\/\/stpierre-teille.fr\/wp-content\/uploads\/2019\/12\/anniversaire-3-p\u00e9riode-2-300x225.jpg 300w, https:\/\/stpierre-teille.fr\/wp-content\/uploads\/2019\/12\/anniversaire-3-p\u00e9riode-2-1024x768.jpg 1024w, https:\/\/stpierre-teille.fr\/wp-content\/uploads\/2019\/12\/anniversaire-3-p\u00e9riode-2-768x576.jpg 768w, https:\/\/stpierre-teille.fr\/wp-content\/uploads\/2019\/12\/anniversaire-3-p\u00e9riode-2-1536x1152.jpg 1536w, https:\/\/stpierre-teille.fr\/wp-content\/uploads\/2019\/12\/anniversaire-3-p\u00e9riode-2.jpg 1920w\" sizes=\"auto, (max-width: 300px) 100vw, 300px\" \/><\/a> <a href=\"https:\/\/stpierre-teille.fr\/wp-content\/uploads\/2019\/12\/anniversaire-4-p\u00e9riode-2.jpg\"><img loading=\"lazy\" decoding=\"async\" class=\"alignnone size-medium wp-image-1460\" src=\"https:\/\/stpierre-teille.fr\/wp-content\/uploads\/2019\/12\/anniversaire-4-p\u00e9riode-2-300x225.jpg\" alt=\"\" width=\"300\" height=\"225\" srcset=\"https:\/\/stpierre-teille.fr\/wp-content\/uploads\/2019\/12\/anniversaire-4-p\u00e9riode-2-300x225.jpg 300w, https:\/\/stpierre-teille.fr\/wp-content\/uploads\/2019\/12\/anniversaire-4-p\u00e9riode-2-1024x768.jpg 1024w, https:\/\/stpierre-teille.fr\/wp-content\/uploads\/2019\/12\/anniversaire-4-p\u00e9riode-2-768x576.jpg 768w, https:\/\/stpierre-teille.fr\/wp-content\/uploads\/2019\/12\/anniversaire-4-p\u00e9riode-2-1536x1152.jpg 1536w, https:\/\/stpierre-teille.fr\/wp-content\/uploads\/2019\/12\/anniversaire-4-p\u00e9riode-2.jpg 1920w\" sizes=\"auto, (max-width: 300px) 100vw, 300px\" \/><\/a> <a href=\"https:\/\/stpierre-teille.fr\/wp-content\/uploads\/2019\/12\/anniversaire-5-p\u00e9riode-2.jpeg.jpg\"><img loading=\"lazy\" decoding=\"async\" class=\"alignnone size-medium wp-image-1458\" src=\"https:\/\/stpierre-teille.fr\/wp-content\/uploads\/2019\/12\/anniversaire-5-p\u00e9riode-2.jpeg-300x225.jpg\" alt=\"\" width=\"300\" height=\"225\" srcset=\"https:\/\/stpierre-teille.fr\/wp-content\/uploads\/2019\/12\/anniversaire-5-p\u00e9riode-2.jpeg-300x225.jpg 300w, https:\/\/stpierre-teille.fr\/wp-content\/uploads\/2019\/12\/anniversaire-5-p\u00e9riode-2.jpeg-1024x768.jpg 1024w, https:\/\/stpierre-teille.fr\/wp-content\/uploads\/2019\/12\/anniversaire-5-p\u00e9riode-2.jpeg-768x576.jpg 768w, https:\/\/stpierre-teille.fr\/wp-content\/uploads\/2019\/12\/anniversaire-5-p\u00e9riode-2.jpeg-1536x1152.jpg 1536w, https:\/\/stpierre-teille.fr\/wp-content\/uploads\/2019\/12\/anniversaire-5-p\u00e9riode-2.jpeg.jpg 1920w\" sizes=\"auto, (max-width: 300px) 100vw, 300px\" \/><\/a><\/p>\n<p>&nbsp;<\/p>\n","protected":false},"excerpt":{"rendered":"<p>Pour les anniversaires de la premi\u00e8re p\u00e9riode , nous avions d\u00e9gust\u00e9 un g\u00e2teau aux l\u00e9gumes .Cette fois-ci nous avions des fruits .Nina , Baptiste , H\u00e9merick et Eden ont pr\u00e9par\u00e9 de d\u00e9licieuses brochettes de fruits .Il y avait des cl\u00e9mentines , des bananes &nbsp;, des pommes et des kiwis Bravo aux cuisiniers !!!et encore BON&hellip; <br \/> <a class=\"read-more\" href=\"https:\/\/stpierre-teille.fr\/?p=1454\">Lire la suite<\/a><\/p>\n","protected":false},"author":7,"featured_media":1458,"comment_status":"closed","ping_status":"closed","sticky":false,"template":"","format":"standard","meta":{"ngg_post_thumbnail":0,"footnotes":""},"categories":[9],"tags":[],"class_list":["post-1454","post","type-post","status-publish","format-standard","has-post-thumbnail","hentry","category-vie-des-classes"],"_links":{"self":[{"href":"https:\/\/stpierre-teille.fr\/index.php?rest_route=\/wp\/v2\/posts\/1454","targetHints":{"allow":["GET"]}}],"collection":[{"href":"https:\/\/stpierre-teille.fr\/index.php?rest_route=\/wp\/v2\/posts"}],"about":[{"href":"https:\/\/stpierre-teille.fr\/index.php?rest_route=\/wp\/v2\/types\/post"}],"author":[{"embeddable":true,"href":"https:\/\/stpierre-teille.fr\/index.php?rest_route=\/wp\/v2\/users\/7"}],"replies":[{"embeddable":true,"href":"https:\/\/stpierre-teille.fr\/index.php?rest_route=%2Fwp%2Fv2%2Fcomments&post=1454"}],"version-history":[{"count":2,"href":"https:\/\/stpierre-teille.fr\/index.php?rest_route=\/wp\/v2\/posts\/1454\/revisions"}],"predecessor-version":[{"id":1463,"href":"https:\/\/stpierre-teille.fr\/index.php?rest_route=\/wp\/v2\/posts\/1454\/revisions\/1463"}],"wp:featuredmedia":[{"embeddable":true,"href":"https:\/\/stpierre-teille.fr\/index.php?rest_route=\/wp\/v2\/media\/1458"}],"wp:attachment":[{"href":"https:\/\/stpierre-teille.fr\/index.php?rest_route=%2Fwp%2Fv2%2Fmedia&parent=1454"}],"wp:term":[{"taxonomy":"category","embeddable":true,"href":"https:\/\/stpierre-teille.fr\/index.php?rest_route=%2Fwp%2Fv2%2Fcategories&post=1454"},{"taxonomy":"post_tag","embeddable":true,"href":"https:\/\/stpierre-teille.fr\/index.php?rest_route=%2Fwp%2Fv2%2Ftags&post=1454"}],"curies":[{"name":"wp","href":"https:\/\/api.w.org\/{rel}","templated":true}]}}