{"id":1448,"date":"2019-12-09T18:50:39","date_gmt":"2019-12-09T17:50:39","guid":{"rendered":"https:\/\/stpierre-teille.fr\/?p=1448"},"modified":"2020-01-29T11:53:10","modified_gmt":"2020-01-29T10:53:10","slug":"la-periode-de-l-avent","status":"publish","type":"post","link":"https:\/\/stpierre-teille.fr\/?p=1448","title":{"rendered":"La p\u00e9riode de l&rsquo; Avent"},"content":{"rendered":"<p>La p\u00e9riode de l\u2019 AVENT a d\u00e9but\u00e9 , nous attendons NOEL avec impatience !!!Bricolage , carte de v\u0153ux ,coloriage, chants de No\u00ebl ,d\u00e9coration du sapin et installation de la cr\u00e8che sont au rendez-vous .Quel plaisir de rendre notre classe jolie !!!<\/p>\n<p><a href=\"https:\/\/stpierre-teille.fr\/wp-content\/uploads\/2019\/12\/d\u00e9coration.jpg\"><img loading=\"lazy\" decoding=\"async\" class=\"alignnone size-medium wp-image-1445\" src=\"https:\/\/stpierre-teille.fr\/wp-content\/uploads\/2019\/12\/d\u00e9coration-225x300.jpg\" alt=\"\" width=\"225\" height=\"300\" srcset=\"https:\/\/stpierre-teille.fr\/wp-content\/uploads\/2019\/12\/d\u00e9coration-225x300.jpg 225w, https:\/\/stpierre-teille.fr\/wp-content\/uploads\/2019\/12\/d\u00e9coration-768x1024.jpg 768w, https:\/\/stpierre-teille.fr\/wp-content\/uploads\/2019\/12\/d\u00e9coration.jpg 1440w\" sizes=\"auto, (max-width: 225px) 100vw, 225px\" \/><\/a> <a href=\"https:\/\/stpierre-teille.fr\/wp-content\/uploads\/2019\/12\/d\u00e9coration-2.jpg\"><img loading=\"lazy\" decoding=\"async\" class=\"alignnone size-medium wp-image-1444\" src=\"https:\/\/stpierre-teille.fr\/wp-content\/uploads\/2019\/12\/d\u00e9coration-2-225x300.jpg\" alt=\"\" width=\"225\" height=\"300\" srcset=\"https:\/\/stpierre-teille.fr\/wp-content\/uploads\/2019\/12\/d\u00e9coration-2-225x300.jpg 225w, https:\/\/stpierre-teille.fr\/wp-content\/uploads\/2019\/12\/d\u00e9coration-2-768x1024.jpg 768w, https:\/\/stpierre-teille.fr\/wp-content\/uploads\/2019\/12\/d\u00e9coration-2.jpg 1440w\" sizes=\"auto, (max-width: 225px) 100vw, 225px\" \/><\/a> <a href=\"https:\/\/stpierre-teille.fr\/wp-content\/uploads\/2019\/12\/d\u00e9coration-1.jpg\"><img loading=\"lazy\" decoding=\"async\" class=\"alignnone size-medium wp-image-1443\" src=\"https:\/\/stpierre-teille.fr\/wp-content\/uploads\/2019\/12\/d\u00e9coration-1-225x300.jpg\" alt=\"\" width=\"225\" height=\"300\" srcset=\"https:\/\/stpierre-teille.fr\/wp-content\/uploads\/2019\/12\/d\u00e9coration-1-225x300.jpg 225w, https:\/\/stpierre-teille.fr\/wp-content\/uploads\/2019\/12\/d\u00e9coration-1-768x1024.jpg 768w, https:\/\/stpierre-teille.fr\/wp-content\/uploads\/2019\/12\/d\u00e9coration-1.jpg 1440w\" sizes=\"auto, (max-width: 225px) 100vw, 225px\" \/><\/a>&nbsp; <a href=\"https:\/\/stpierre-teille.fr\/wp-content\/uploads\/2019\/12\/sapin.jpg\">&nbsp;&nbsp;<\/a><\/p>\n<p><a href=\"https:\/\/stpierre-teille.fr\/wp-content\/uploads\/2019\/12\/sapin.jpg\"><img loading=\"lazy\" decoding=\"async\" class=\"size-medium wp-image-1446 aligncenter\" src=\"https:\/\/stpierre-teille.fr\/wp-content\/uploads\/2019\/12\/sapin-225x300.jpg\" alt=\"\" width=\"225\" height=\"300\" srcset=\"https:\/\/stpierre-teille.fr\/wp-content\/uploads\/2019\/12\/sapin-225x300.jpg 225w, https:\/\/stpierre-teille.fr\/wp-content\/uploads\/2019\/12\/sapin-768x1024.jpg 768w, https:\/\/stpierre-teille.fr\/wp-content\/uploads\/2019\/12\/sapin.jpg 1440w\" sizes=\"auto, (max-width: 225px) 100vw, 225px\" \/><\/a><\/p>\n<p>&nbsp;<\/p>\n<p>LA CRECHE<\/p>\n<p>J\u00e9sus entour\u00e9 de ses parents Marie et Joseph<\/p>\n<p><a href=\"https:\/\/stpierre-teille.fr\/wp-content\/uploads\/2019\/12\/cr\u00e8che.jpg\"><img loading=\"lazy\" decoding=\"async\" class=\"size-medium wp-image-1442 aligncenter\" src=\"https:\/\/stpierre-teille.fr\/wp-content\/uploads\/2019\/12\/cr\u00e8che-300x225.jpg\" alt=\"\" width=\"300\" height=\"225\" srcset=\"https:\/\/stpierre-teille.fr\/wp-content\/uploads\/2019\/12\/cr\u00e8che-300x225.jpg 300w, https:\/\/stpierre-teille.fr\/wp-content\/uploads\/2019\/12\/cr\u00e8che-768x576.jpg 768w, https:\/\/stpierre-teille.fr\/wp-content\/uploads\/2019\/12\/cr\u00e8che-1024x768.jpg 1024w, https:\/\/stpierre-teille.fr\/wp-content\/uploads\/2019\/12\/cr\u00e8che.jpg 1920w\" sizes=\"auto, (max-width: 300px) 100vw, 300px\" \/><\/a><\/p>\n<p>Le berger et ses moutons<\/p>\n<p><a href=\"https:\/\/stpierre-teille.fr\/wp-content\/uploads\/2019\/12\/cr\u00e8che-1.jpg\"><img loading=\"lazy\" decoding=\"async\" class=\"alignnone size-medium wp-image-1447\" src=\"https:\/\/stpierre-teille.fr\/wp-content\/uploads\/2019\/12\/cr\u00e8che-1-225x300.jpg\" alt=\"\" width=\"225\" height=\"300\" srcset=\"https:\/\/stpierre-teille.fr\/wp-content\/uploads\/2019\/12\/cr\u00e8che-1-225x300.jpg 225w, https:\/\/stpierre-teille.fr\/wp-content\/uploads\/2019\/12\/cr\u00e8che-1-768x1024.jpg 768w, https:\/\/stpierre-teille.fr\/wp-content\/uploads\/2019\/12\/cr\u00e8che-1.jpg 1440w\" sizes=\"auto, (max-width: 225px) 100vw, 225px\" \/><\/a><\/p>\n<p>Les rois mages<\/p>\n<p><a href=\"https:\/\/stpierre-teille.fr\/wp-content\/uploads\/2019\/12\/cr\u00e8che-2.jpg\"><img loading=\"lazy\" decoding=\"async\" class=\"size-medium wp-image-1441 aligncenter\" src=\"https:\/\/stpierre-teille.fr\/wp-content\/uploads\/2019\/12\/cr\u00e8che-2-300x225.jpg\" alt=\"\" width=\"300\" height=\"225\" srcset=\"https:\/\/stpierre-teille.fr\/wp-content\/uploads\/2019\/12\/cr\u00e8che-2-300x225.jpg 300w, https:\/\/stpierre-teille.fr\/wp-content\/uploads\/2019\/12\/cr\u00e8che-2-768x576.jpg 768w, https:\/\/stpierre-teille.fr\/wp-content\/uploads\/2019\/12\/cr\u00e8che-2-1024x768.jpg 1024w, https:\/\/stpierre-teille.fr\/wp-content\/uploads\/2019\/12\/cr\u00e8che-2.jpg 1920w\" sizes=\"auto, (max-width: 300px) 100vw, 300px\" \/><\/a><\/p>\n","protected":false},"excerpt":{"rendered":"<p>La p\u00e9riode de l\u2019 AVENT a d\u00e9but\u00e9 , nous attendons NOEL avec impatience !!!Bricolage , carte de v\u0153ux ,coloriage, chants de No\u00ebl ,d\u00e9coration du sapin et installation de la cr\u00e8che sont au rendez-vous .Quel plaisir de rendre notre classe jolie !!! &nbsp; &nbsp;&nbsp; &nbsp; LA CRECHE J\u00e9sus entour\u00e9 de ses parents Marie et Joseph Le&hellip; <br \/> <a class=\"read-more\" href=\"https:\/\/stpierre-teille.fr\/?p=1448\">Lire la suite<\/a><\/p>\n","protected":false},"author":7,"featured_media":1444,"comment_status":"closed","ping_status":"closed","sticky":false,"template":"","format":"standard","meta":{"ngg_post_thumbnail":0,"footnotes":""},"categories":[9],"tags":[],"class_list":["post-1448","post","type-post","status-publish","format-standard","has-post-thumbnail","hentry","category-vie-des-classes"],"_links":{"self":[{"href":"https:\/\/stpierre-teille.fr\/index.php?rest_route=\/wp\/v2\/posts\/1448","targetHints":{"allow":["GET"]}}],"collection":[{"href":"https:\/\/stpierre-teille.fr\/index.php?rest_route=\/wp\/v2\/posts"}],"about":[{"href":"https:\/\/stpierre-teille.fr\/index.php?rest_route=\/wp\/v2\/types\/post"}],"author":[{"embeddable":true,"href":"https:\/\/stpierre-teille.fr\/index.php?rest_route=\/wp\/v2\/users\/7"}],"replies":[{"embeddable":true,"href":"https:\/\/stpierre-teille.fr\/index.php?rest_route=%2Fwp%2Fv2%2Fcomments&post=1448"}],"version-history":[{"count":2,"href":"https:\/\/stpierre-teille.fr\/index.php?rest_route=\/wp\/v2\/posts\/1448\/revisions"}],"predecessor-version":[{"id":1453,"href":"https:\/\/stpierre-teille.fr\/index.php?rest_route=\/wp\/v2\/posts\/1448\/revisions\/1453"}],"wp:featuredmedia":[{"embeddable":true,"href":"https:\/\/stpierre-teille.fr\/index.php?rest_route=\/wp\/v2\/media\/1444"}],"wp:attachment":[{"href":"https:\/\/stpierre-teille.fr\/index.php?rest_route=%2Fwp%2Fv2%2Fmedia&parent=1448"}],"wp:term":[{"taxonomy":"category","embeddable":true,"href":"https:\/\/stpierre-teille.fr\/index.php?rest_route=%2Fwp%2Fv2%2Fcategories&post=1448"},{"taxonomy":"post_tag","embeddable":true,"href":"https:\/\/stpierre-teille.fr\/index.php?rest_route=%2Fwp%2Fv2%2Ftags&post=1448"}],"curies":[{"name":"wp","href":"https:\/\/api.w.org\/{rel}","templated":true}]}}