{"id":1344,"date":"2019-10-18T06:41:57","date_gmt":"2019-10-18T05:41:57","guid":{"rendered":"https:\/\/stpierre-teille.fr\/?p=1344"},"modified":"2020-01-29T12:07:43","modified_gmt":"2020-01-29T11:07:43","slug":"lecture-d-histoires-aux-maternelles","status":"publish","type":"post","link":"https:\/\/stpierre-teille.fr\/?p=1344","title":{"rendered":"Lecture d&rsquo; histoires aux maternelles"},"content":{"rendered":"<p><a href=\"https:\/\/stpierre-teille.fr\/wp-content\/uploads\/2019\/10\/LECTURE-CE2.-8JPG.jpg\"><img loading=\"lazy\" decoding=\"async\" class=\"alignnone size-medium wp-image-1343\" src=\"https:\/\/stpierre-teille.fr\/wp-content\/uploads\/2019\/10\/LECTURE-CE2.-8JPG-300x225.jpg\" alt=\"\" width=\"300\" height=\"225\" srcset=\"https:\/\/stpierre-teille.fr\/wp-content\/uploads\/2019\/10\/LECTURE-CE2.-8JPG-300x225.jpg 300w, https:\/\/stpierre-teille.fr\/wp-content\/uploads\/2019\/10\/LECTURE-CE2.-8JPG-768x576.jpg 768w, https:\/\/stpierre-teille.fr\/wp-content\/uploads\/2019\/10\/LECTURE-CE2.-8JPG-1024x768.jpg 1024w, https:\/\/stpierre-teille.fr\/wp-content\/uploads\/2019\/10\/LECTURE-CE2.-8JPG.jpg 1920w\" sizes=\"auto, (max-width: 300px) 100vw, 300px\" \/><\/a> <a href=\"https:\/\/stpierre-teille.fr\/wp-content\/uploads\/2019\/10\/LECTURE-CE2.-7JPG.jpg\"><img loading=\"lazy\" decoding=\"async\" class=\"alignnone size-medium wp-image-1342\" src=\"https:\/\/stpierre-teille.fr\/wp-content\/uploads\/2019\/10\/LECTURE-CE2.-7JPG-300x225.jpg\" alt=\"\" width=\"300\" height=\"225\" srcset=\"https:\/\/stpierre-teille.fr\/wp-content\/uploads\/2019\/10\/LECTURE-CE2.-7JPG-300x225.jpg 300w, https:\/\/stpierre-teille.fr\/wp-content\/uploads\/2019\/10\/LECTURE-CE2.-7JPG-768x576.jpg 768w, https:\/\/stpierre-teille.fr\/wp-content\/uploads\/2019\/10\/LECTURE-CE2.-7JPG-1024x768.jpg 1024w, https:\/\/stpierre-teille.fr\/wp-content\/uploads\/2019\/10\/LECTURE-CE2.-7JPG.jpg 1920w\" sizes=\"auto, (max-width: 300px) 100vw, 300px\" \/><\/a> <a href=\"https:\/\/stpierre-teille.fr\/wp-content\/uploads\/2019\/10\/LECTURE-CE2.-6JPG.jpg\"><img loading=\"lazy\" decoding=\"async\" class=\"alignnone size-medium wp-image-1341\" src=\"https:\/\/stpierre-teille.fr\/wp-content\/uploads\/2019\/10\/LECTURE-CE2.-6JPG-300x225.jpg\" alt=\"\" width=\"300\" height=\"225\" srcset=\"https:\/\/stpierre-teille.fr\/wp-content\/uploads\/2019\/10\/LECTURE-CE2.-6JPG-300x225.jpg 300w, https:\/\/stpierre-teille.fr\/wp-content\/uploads\/2019\/10\/LECTURE-CE2.-6JPG-768x576.jpg 768w, https:\/\/stpierre-teille.fr\/wp-content\/uploads\/2019\/10\/LECTURE-CE2.-6JPG-1024x768.jpg 1024w, https:\/\/stpierre-teille.fr\/wp-content\/uploads\/2019\/10\/LECTURE-CE2.-6JPG.jpg 1920w\" sizes=\"auto, (max-width: 300px) 100vw, 300px\" \/><\/a> <a href=\"https:\/\/stpierre-teille.fr\/wp-content\/uploads\/2019\/10\/LECTURE-CE2.-5JPG.jpg\"><img loading=\"lazy\" decoding=\"async\" class=\"alignnone size-medium wp-image-1340\" src=\"https:\/\/stpierre-teille.fr\/wp-content\/uploads\/2019\/10\/LECTURE-CE2.-5JPG-300x225.jpg\" alt=\"\" width=\"300\" height=\"225\" srcset=\"https:\/\/stpierre-teille.fr\/wp-content\/uploads\/2019\/10\/LECTURE-CE2.-5JPG-300x225.jpg 300w, https:\/\/stpierre-teille.fr\/wp-content\/uploads\/2019\/10\/LECTURE-CE2.-5JPG-768x576.jpg 768w, https:\/\/stpierre-teille.fr\/wp-content\/uploads\/2019\/10\/LECTURE-CE2.-5JPG-1024x768.jpg 1024w, https:\/\/stpierre-teille.fr\/wp-content\/uploads\/2019\/10\/LECTURE-CE2.-5JPG.jpg 1920w\" sizes=\"auto, (max-width: 300px) 100vw, 300px\" \/><\/a> <a href=\"https:\/\/stpierre-teille.fr\/wp-content\/uploads\/2019\/10\/LECTURE-CE2.-4JPG.jpg\"><img loading=\"lazy\" decoding=\"async\" class=\"alignnone size-medium wp-image-1339\" src=\"https:\/\/stpierre-teille.fr\/wp-content\/uploads\/2019\/10\/LECTURE-CE2.-4JPG-300x225.jpg\" alt=\"\" width=\"300\" height=\"225\" srcset=\"https:\/\/stpierre-teille.fr\/wp-content\/uploads\/2019\/10\/LECTURE-CE2.-4JPG-300x225.jpg 300w, https:\/\/stpierre-teille.fr\/wp-content\/uploads\/2019\/10\/LECTURE-CE2.-4JPG-768x576.jpg 768w, https:\/\/stpierre-teille.fr\/wp-content\/uploads\/2019\/10\/LECTURE-CE2.-4JPG-1024x768.jpg 1024w, https:\/\/stpierre-teille.fr\/wp-content\/uploads\/2019\/10\/LECTURE-CE2.-4JPG.jpg 1920w\" sizes=\"auto, (max-width: 300px) 100vw, 300px\" \/><\/a> <a href=\"https:\/\/stpierre-teille.fr\/wp-content\/uploads\/2019\/10\/LECTURE-CE2.-3JPG.jpg\"><img loading=\"lazy\" decoding=\"async\" class=\"alignnone size-medium wp-image-1338\" src=\"https:\/\/stpierre-teille.fr\/wp-content\/uploads\/2019\/10\/LECTURE-CE2.-3JPG-300x225.jpg\" alt=\"\" width=\"300\" height=\"225\" srcset=\"https:\/\/stpierre-teille.fr\/wp-content\/uploads\/2019\/10\/LECTURE-CE2.-3JPG-300x225.jpg 300w, https:\/\/stpierre-teille.fr\/wp-content\/uploads\/2019\/10\/LECTURE-CE2.-3JPG-768x576.jpg 768w, https:\/\/stpierre-teille.fr\/wp-content\/uploads\/2019\/10\/LECTURE-CE2.-3JPG-1024x768.jpg 1024w, https:\/\/stpierre-teille.fr\/wp-content\/uploads\/2019\/10\/LECTURE-CE2.-3JPG.jpg 1920w\" sizes=\"auto, (max-width: 300px) 100vw, 300px\" \/><\/a> <a href=\"https:\/\/stpierre-teille.fr\/wp-content\/uploads\/2019\/10\/LECTURE-CE2.-2JPG.jpg\"><img loading=\"lazy\" decoding=\"async\" class=\"alignnone size-medium wp-image-1337\" src=\"https:\/\/stpierre-teille.fr\/wp-content\/uploads\/2019\/10\/LECTURE-CE2.-2JPG-300x225.jpg\" alt=\"\" width=\"300\" height=\"225\" srcset=\"https:\/\/stpierre-teille.fr\/wp-content\/uploads\/2019\/10\/LECTURE-CE2.-2JPG-300x225.jpg 300w, https:\/\/stpierre-teille.fr\/wp-content\/uploads\/2019\/10\/LECTURE-CE2.-2JPG-768x576.jpg 768w, https:\/\/stpierre-teille.fr\/wp-content\/uploads\/2019\/10\/LECTURE-CE2.-2JPG-1024x768.jpg 1024w, https:\/\/stpierre-teille.fr\/wp-content\/uploads\/2019\/10\/LECTURE-CE2.-2JPG.jpg 1920w\" sizes=\"auto, (max-width: 300px) 100vw, 300px\" \/><\/a><\/p>\n<p>En fin d&rsquo; apr\u00e8s-midi le vendredi , tous les quinze jours , les \u00e9l\u00e8ves de la classe de Virginie viennent&nbsp; lire des petites histoires aux maternelles.Vendredi 11 octobre c&rsquo;\u00e9tait les CE2 .Chaque petit groupe s&rsquo;installe confortablement et en avant les aventures !!!<\/p>\n<p>MERCI A VOUS LECTEURS<\/p>\n","protected":false},"excerpt":{"rendered":"<p>En fin d&rsquo; apr\u00e8s-midi le vendredi , tous les quinze jours , les \u00e9l\u00e8ves de la classe de Virginie viennent&nbsp; lire des petites histoires aux maternelles.Vendredi 11 octobre c&rsquo;\u00e9tait les CE2 .Chaque petit groupe s&rsquo;installe confortablement et en avant les aventures !!! MERCI A VOUS LECTEURS<\/p>\n","protected":false},"author":7,"featured_media":1390,"comment_status":"closed","ping_status":"closed","sticky":false,"template":"","format":"standard","meta":{"ngg_post_thumbnail":0,"footnotes":""},"categories":[9],"tags":[],"class_list":["post-1344","post","type-post","status-publish","format-standard","has-post-thumbnail","hentry","category-vie-des-classes"],"_links":{"self":[{"href":"https:\/\/stpierre-teille.fr\/index.php?rest_route=\/wp\/v2\/posts\/1344","targetHints":{"allow":["GET"]}}],"collection":[{"href":"https:\/\/stpierre-teille.fr\/index.php?rest_route=\/wp\/v2\/posts"}],"about":[{"href":"https:\/\/stpierre-teille.fr\/index.php?rest_route=\/wp\/v2\/types\/post"}],"author":[{"embeddable":true,"href":"https:\/\/stpierre-teille.fr\/index.php?rest_route=\/wp\/v2\/users\/7"}],"replies":[{"embeddable":true,"href":"https:\/\/stpierre-teille.fr\/index.php?rest_route=%2Fwp%2Fv2%2Fcomments&post=1344"}],"version-history":[{"count":3,"href":"https:\/\/stpierre-teille.fr\/index.php?rest_route=\/wp\/v2\/posts\/1344\/revisions"}],"predecessor-version":[{"id":1370,"href":"https:\/\/stpierre-teille.fr\/index.php?rest_route=\/wp\/v2\/posts\/1344\/revisions\/1370"}],"wp:featuredmedia":[{"embeddable":true,"href":"https:\/\/stpierre-teille.fr\/index.php?rest_route=\/wp\/v2\/media\/1390"}],"wp:attachment":[{"href":"https:\/\/stpierre-teille.fr\/index.php?rest_route=%2Fwp%2Fv2%2Fmedia&parent=1344"}],"wp:term":[{"taxonomy":"category","embeddable":true,"href":"https:\/\/stpierre-teille.fr\/index.php?rest_route=%2Fwp%2Fv2%2Fcategories&post=1344"},{"taxonomy":"post_tag","embeddable":true,"href":"https:\/\/stpierre-teille.fr\/index.php?rest_route=%2Fwp%2Fv2%2Ftags&post=1344"}],"curies":[{"name":"wp","href":"https:\/\/api.w.org\/{rel}","templated":true}]}}