{"id":1176,"date":"2019-01-29T18:11:22","date_gmt":"2019-01-29T17:11:22","guid":{"rendered":"https:\/\/stpierre-teille.fr\/?p=1176"},"modified":"2019-01-29T18:13:53","modified_gmt":"2019-01-29T17:13:53","slug":"les-galettes-des-rois","status":"publish","type":"post","link":"https:\/\/stpierre-teille.fr\/?p=1176","title":{"rendered":"Les galettes des rois"},"content":{"rendered":"<p>Vendredi 18 janvier,<\/p>\n<p>Les \u00e9l\u00e8ves des trois classes se sont r\u00e9unis pour \u00e9laborer des galettes des rois .Dans la classe de Gildas , les enfants ont confectionn\u00e9 des galettes aux pommes , dans la classe de Virginie des galettes poires -chocolat et dans la classe de Marie des frangipanes.<\/p>\n<p>C&rsquo;\u00e9tait dr\u00f4lement amusant de cuisiner avec des enfants de tout \u00e2ge .<\/p>\n<p>Les galettes ont \u00e9t\u00e9 tr\u00e8s appr\u00e9ci\u00e9es le samedi 19 janvier lors de la matin\u00e9e portes ouvertes.<\/p>\n<p>Merci aux enfants et aux\u00a0 parents accompagnateurs<\/p>\n<p><a href=\"https:\/\/stpierre-teille.fr\/wp-content\/uploads\/2019\/01\/GALETTE-3-JPG.jpg\"><img loading=\"lazy\" decoding=\"async\" src=\"https:\/\/stpierre-teille.fr\/wp-content\/uploads\/2019\/01\/GALETTE-3-JPG-300x225.jpg\" alt=\"\" width=\"300\" height=\"225\" class=\"alignright size-medium wp-image-1175\" srcset=\"https:\/\/stpierre-teille.fr\/wp-content\/uploads\/2019\/01\/GALETTE-3-JPG-300x225.jpg 300w, https:\/\/stpierre-teille.fr\/wp-content\/uploads\/2019\/01\/GALETTE-3-JPG-768x576.jpg 768w, https:\/\/stpierre-teille.fr\/wp-content\/uploads\/2019\/01\/GALETTE-3-JPG-1024x768.jpg 1024w, https:\/\/stpierre-teille.fr\/wp-content\/uploads\/2019\/01\/GALETTE-3-JPG.jpg 2048w\" sizes=\"auto, (max-width: 300px) 100vw, 300px\" \/><\/a><\/p>\n<p><a href=\"https:\/\/stpierre-teille.fr\/wp-content\/uploads\/2019\/01\/galette-2.jpg\"><img loading=\"lazy\" decoding=\"async\" src=\"https:\/\/stpierre-teille.fr\/wp-content\/uploads\/2019\/01\/galette-2-300x225.jpg\" alt=\"\" width=\"300\" height=\"225\" class=\"alignright size-medium wp-image-1174\" srcset=\"https:\/\/stpierre-teille.fr\/wp-content\/uploads\/2019\/01\/galette-2-300x225.jpg 300w, https:\/\/stpierre-teille.fr\/wp-content\/uploads\/2019\/01\/galette-2-768x576.jpg 768w, https:\/\/stpierre-teille.fr\/wp-content\/uploads\/2019\/01\/galette-2-1024x768.jpg 1024w, https:\/\/stpierre-teille.fr\/wp-content\/uploads\/2019\/01\/galette-2.jpg 2048w\" sizes=\"auto, (max-width: 300px) 100vw, 300px\" \/><\/a><\/p>\n<p><a href=\"https:\/\/stpierre-teille.fr\/wp-content\/uploads\/2019\/01\/GALETTE-1.jpg\"><img loading=\"lazy\" decoding=\"async\" src=\"https:\/\/stpierre-teille.fr\/wp-content\/uploads\/2019\/01\/GALETTE-1-300x225.jpg\" alt=\"\" width=\"300\" height=\"225\" class=\"alignright size-medium wp-image-1173\" srcset=\"https:\/\/stpierre-teille.fr\/wp-content\/uploads\/2019\/01\/GALETTE-1-300x225.jpg 300w, https:\/\/stpierre-teille.fr\/wp-content\/uploads\/2019\/01\/GALETTE-1-768x576.jpg 768w, https:\/\/stpierre-teille.fr\/wp-content\/uploads\/2019\/01\/GALETTE-1-1024x768.jpg 1024w, https:\/\/stpierre-teille.fr\/wp-content\/uploads\/2019\/01\/GALETTE-1.jpg 2048w\" sizes=\"auto, (max-width: 300px) 100vw, 300px\" \/><\/a><\/p>\n","protected":false},"excerpt":{"rendered":"<p>Vendredi 18 janvier, Les \u00e9l\u00e8ves des trois classes se sont r\u00e9unis pour \u00e9laborer des galettes des rois .Dans la classe de Gildas , les enfants ont confectionn\u00e9 des galettes aux pommes , dans la classe de Virginie des galettes poires -chocolat et dans la classe de Marie des frangipanes. C&rsquo;\u00e9tait dr\u00f4lement amusant de cuisiner avec&hellip; <br \/> <a class=\"read-more\" href=\"https:\/\/stpierre-teille.fr\/?p=1176\">Lire la suite<\/a><\/p>\n","protected":false},"author":7,"featured_media":0,"comment_status":"closed","ping_status":"closed","sticky":false,"template":"","format":"standard","meta":{"ngg_post_thumbnail":0,"footnotes":""},"categories":[1,9],"tags":[],"class_list":["post-1176","post","type-post","status-publish","format-standard","hentry","category-non-classe","category-vie-des-classes"],"_links":{"self":[{"href":"https:\/\/stpierre-teille.fr\/index.php?rest_route=\/wp\/v2\/posts\/1176","targetHints":{"allow":["GET"]}}],"collection":[{"href":"https:\/\/stpierre-teille.fr\/index.php?rest_route=\/wp\/v2\/posts"}],"about":[{"href":"https:\/\/stpierre-teille.fr\/index.php?rest_route=\/wp\/v2\/types\/post"}],"author":[{"embeddable":true,"href":"https:\/\/stpierre-teille.fr\/index.php?rest_route=\/wp\/v2\/users\/7"}],"replies":[{"embeddable":true,"href":"https:\/\/stpierre-teille.fr\/index.php?rest_route=%2Fwp%2Fv2%2Fcomments&post=1176"}],"version-history":[{"count":2,"href":"https:\/\/stpierre-teille.fr\/index.php?rest_route=\/wp\/v2\/posts\/1176\/revisions"}],"predecessor-version":[{"id":1179,"href":"https:\/\/stpierre-teille.fr\/index.php?rest_route=\/wp\/v2\/posts\/1176\/revisions\/1179"}],"wp:attachment":[{"href":"https:\/\/stpierre-teille.fr\/index.php?rest_route=%2Fwp%2Fv2%2Fmedia&parent=1176"}],"wp:term":[{"taxonomy":"category","embeddable":true,"href":"https:\/\/stpierre-teille.fr\/index.php?rest_route=%2Fwp%2Fv2%2Fcategories&post=1176"},{"taxonomy":"post_tag","embeddable":true,"href":"https:\/\/stpierre-teille.fr\/index.php?rest_route=%2Fwp%2Fv2%2Ftags&post=1176"}],"curies":[{"name":"wp","href":"https:\/\/api.w.org\/{rel}","templated":true}]}}