{"id":1152,"date":"2019-01-29T18:11:46","date_gmt":"2019-01-29T17:11:46","guid":{"rendered":"https:\/\/stpierre-teille.fr\/?p=1152"},"modified":"2019-01-29T18:11:46","modified_gmt":"2019-01-29T17:11:46","slug":"repetition-a-la-residence-sainte-famille","status":"publish","type":"post","link":"https:\/\/stpierre-teille.fr\/?p=1152","title":{"rendered":"R\u00e9p\u00e9tition \u00e0 la r\u00e9sidence Sainte Famille"},"content":{"rendered":"<p>Lundi 17 d\u00e9cembre, toute l&rsquo;\u00e9cole Saint Pierre s&rsquo;est rendue avec Claudie \u00e0 la r\u00e9sidence Sainte Famille pour r\u00e9p\u00e9ter les chants pour le concert de No\u00ebl de vendredi. Nous avons pu d\u00e9couvrir les chants interpr\u00e9t\u00e9s par les r\u00e9sidents.<\/p>\n<p><a href=\"https:\/\/stpierre-teille.fr\/wp-content\/uploads\/2018\/12\/P1050733.jpg\"><img loading=\"lazy\" decoding=\"async\" class=\"size-thumbnail wp-image-1155 alignleft\" src=\"https:\/\/stpierre-teille.fr\/wp-content\/uploads\/2018\/12\/P1050733-150x150.jpg\" alt=\"\" width=\"150\" height=\"150\" \/><\/a><a href=\"https:\/\/stpierre-teille.fr\/wp-content\/uploads\/2018\/12\/P1050752.jpg\"><img loading=\"lazy\" decoding=\"async\" class=\"size-thumbnail wp-image-1166 alignleft\" src=\"https:\/\/stpierre-teille.fr\/wp-content\/uploads\/2018\/12\/P1050752-150x150.jpg\" alt=\"\" width=\"150\" height=\"150\" \/><\/a><\/p>\n<p><a href=\"https:\/\/stpierre-teille.fr\/wp-content\/uploads\/2018\/12\/P1050750.jpg\"><img loading=\"lazy\" decoding=\"async\" class=\"size-thumbnail wp-image-1165 alignleft\" src=\"https:\/\/stpierre-teille.fr\/wp-content\/uploads\/2018\/12\/P1050750-150x150.jpg\" alt=\"\" width=\"150\" height=\"150\" \/><\/a> <a href=\"https:\/\/stpierre-teille.fr\/wp-content\/uploads\/2018\/12\/P1050749.jpg\"><img loading=\"lazy\" decoding=\"async\" class=\"size-thumbnail wp-image-1164 alignleft\" src=\"https:\/\/stpierre-teille.fr\/wp-content\/uploads\/2018\/12\/P1050749-150x150.jpg\" alt=\"\" width=\"150\" height=\"150\" \/><\/a> <a href=\"https:\/\/stpierre-teille.fr\/wp-content\/uploads\/2018\/12\/P1050748.jpg\"><img loading=\"lazy\" decoding=\"async\" class=\"size-thumbnail wp-image-1163 alignleft\" src=\"https:\/\/stpierre-teille.fr\/wp-content\/uploads\/2018\/12\/P1050748-150x150.jpg\" alt=\"\" width=\"150\" height=\"150\" \/><\/a> <a href=\"https:\/\/stpierre-teille.fr\/wp-content\/uploads\/2018\/12\/P1050746.jpg\"><img loading=\"lazy\" decoding=\"async\" class=\"size-thumbnail wp-image-1161 alignleft\" src=\"https:\/\/stpierre-teille.fr\/wp-content\/uploads\/2018\/12\/P1050744-150x150.jpg\" alt=\"\" width=\"150\" height=\"150\" \/><\/a><a href=\"https:\/\/stpierre-teille.fr\/wp-content\/uploads\/2018\/12\/P1050741.jpg\"><img loading=\"lazy\" decoding=\"async\" class=\"size-thumbnail wp-image-1159 alignleft\" src=\"https:\/\/stpierre-teille.fr\/wp-content\/uploads\/2018\/12\/P1050741-150x150.jpg\" alt=\"\" width=\"150\" height=\"150\" \/><\/a> <a href=\"https:\/\/stpierre-teille.fr\/wp-content\/uploads\/2018\/12\/P1050743.jpg\"><img loading=\"lazy\" decoding=\"async\" class=\"size-thumbnail wp-image-1160 alignleft\" src=\"https:\/\/stpierre-teille.fr\/wp-content\/uploads\/2018\/12\/P1050743-150x150.jpg\" alt=\"\" width=\"150\" height=\"150\" \/><\/a><br \/>\n<a href=\"https:\/\/stpierre-teille.fr\/wp-content\/uploads\/2018\/12\/P1050740.jpg\"><img loading=\"lazy\" decoding=\"async\" class=\"size-thumbnail wp-image-1158 alignleft\" src=\"https:\/\/stpierre-teille.fr\/wp-content\/uploads\/2018\/12\/P1050740-150x150.jpg\" alt=\"\" width=\"150\" height=\"150\" \/><\/a> <a href=\"https:\/\/stpierre-teille.fr\/wp-content\/uploads\/2018\/12\/P1050738.jpg\"><img loading=\"lazy\" decoding=\"async\" class=\"size-thumbnail wp-image-1157 alignleft\" src=\"https:\/\/stpierre-teille.fr\/wp-content\/uploads\/2018\/12\/P1050738-150x150.jpg\" alt=\"\" width=\"150\" height=\"150\" \/><\/a> <a href=\"https:\/\/stpierre-teille.fr\/wp-content\/uploads\/2018\/12\/P1050736.jpg\"><img loading=\"lazy\" decoding=\"async\" class=\"size-thumbnail wp-image-1156 alignleft\" src=\"https:\/\/stpierre-teille.fr\/wp-content\/uploads\/2018\/12\/P1050736-150x150.jpg\" alt=\"\" width=\"150\" height=\"150\" \/><\/a><\/p>\n<p>&nbsp;<\/p>\n<p>&nbsp;<\/p>\n<p><a href=\"https:\/\/stpierre-teille.fr\/wp-content\/uploads\/2018\/12\/P1050746.jpg\"><img loading=\"lazy\" decoding=\"async\" class=\"size-thumbnail wp-image-1162 alignleft\" src=\"https:\/\/stpierre-teille.fr\/wp-content\/uploads\/2018\/12\/P1050746-150x150.jpg\" alt=\"\" width=\"150\" height=\"150\" \/><\/a><\/p>\n","protected":false},"excerpt":{"rendered":"<p>Lundi 17 d\u00e9cembre, toute l&rsquo;\u00e9cole Saint Pierre s&rsquo;est rendue avec Claudie \u00e0 la r\u00e9sidence Sainte Famille pour r\u00e9p\u00e9ter les chants pour le concert de No\u00ebl de vendredi. Nous avons pu d\u00e9couvrir les chants interpr\u00e9t\u00e9s par les r\u00e9sidents. &nbsp; &nbsp;<\/p>\n","protected":false},"author":3,"featured_media":0,"comment_status":"closed","ping_status":"closed","sticky":false,"template":"","format":"standard","meta":{"ngg_post_thumbnail":0,"footnotes":""},"categories":[9],"tags":[],"class_list":["post-1152","post","type-post","status-publish","format-standard","hentry","category-vie-des-classes"],"_links":{"self":[{"href":"https:\/\/stpierre-teille.fr\/index.php?rest_route=\/wp\/v2\/posts\/1152","targetHints":{"allow":["GET"]}}],"collection":[{"href":"https:\/\/stpierre-teille.fr\/index.php?rest_route=\/wp\/v2\/posts"}],"about":[{"href":"https:\/\/stpierre-teille.fr\/index.php?rest_route=\/wp\/v2\/types\/post"}],"author":[{"embeddable":true,"href":"https:\/\/stpierre-teille.fr\/index.php?rest_route=\/wp\/v2\/users\/3"}],"replies":[{"embeddable":true,"href":"https:\/\/stpierre-teille.fr\/index.php?rest_route=%2Fwp%2Fv2%2Fcomments&post=1152"}],"version-history":[{"count":2,"href":"https:\/\/stpierre-teille.fr\/index.php?rest_route=\/wp\/v2\/posts\/1152\/revisions"}],"predecessor-version":[{"id":1181,"href":"https:\/\/stpierre-teille.fr\/index.php?rest_route=\/wp\/v2\/posts\/1152\/revisions\/1181"}],"wp:attachment":[{"href":"https:\/\/stpierre-teille.fr\/index.php?rest_route=%2Fwp%2Fv2%2Fmedia&parent=1152"}],"wp:term":[{"taxonomy":"category","embeddable":true,"href":"https:\/\/stpierre-teille.fr\/index.php?rest_route=%2Fwp%2Fv2%2Fcategories&post=1152"},{"taxonomy":"post_tag","embeddable":true,"href":"https:\/\/stpierre-teille.fr\/index.php?rest_route=%2Fwp%2Fv2%2Ftags&post=1152"}],"curies":[{"name":"wp","href":"https:\/\/api.w.org\/{rel}","templated":true}]}}