{"id":1114,"date":"2018-11-14T10:12:11","date_gmt":"2018-11-14T09:12:11","guid":{"rendered":"https:\/\/stpierre-teille.fr\/?p=1114"},"modified":"2018-11-14T10:12:11","modified_gmt":"2018-11-14T09:12:11","slug":"mon-petit-frere-de-la-lune","status":"publish","type":"post","link":"https:\/\/stpierre-teille.fr\/?p=1114","title":{"rendered":"Mon petit fr\u00e8re de la lune"},"content":{"rendered":"<p>Dans le cadre de notre projet d&rsquo;ann\u00e9e portant sur le handicap, l&rsquo;\u00e9cole s&rsquo;est r\u00e9unie le dernier jour avant les vacances de la Toussaint pour visionner un petit film d&rsquo;animation \u00ab\u00a0Mon petit fr\u00e8re de la lune\u00a0\u00bb, ce film a \u00e9t\u00e9 r\u00e9alis\u00e9 par Fr\u00e9d\u00e9ric Philibert, papa d&rsquo;un petit gar\u00e7on autiste.<\/p>\n<p><a href=\"https:\/\/stpierre-teille.fr\/wp-content\/uploads\/2018\/11\/P1050672.jpg\"><img loading=\"lazy\" decoding=\"async\" class=\"size-thumbnail wp-image-1124 alignleft\" src=\"https:\/\/stpierre-teille.fr\/wp-content\/uploads\/2018\/11\/P1050672-150x150.jpg\" alt=\"\" width=\"150\" height=\"150\" \/><\/a><a href=\"https:\/\/stpierre-teille.fr\/wp-content\/uploads\/2018\/11\/P1050671.jpg\"><img loading=\"lazy\" decoding=\"async\" class=\"size-thumbnail wp-image-1123 aligncenter\" src=\"https:\/\/stpierre-teille.fr\/wp-content\/uploads\/2018\/11\/P1050671-150x150.jpg\" alt=\"\" width=\"150\" height=\"150\" \/><\/a><\/p>\n<p><strong>\u00a0\u00ab\u00a0Une petite fille essaie de faire comprendre pourquoi son petit fr\u00e8re (autiste) n\u2019est pas vraiment comme les autres enfants et donne sa version des faits\u00a0\u00bb.<\/strong><\/p>\n<p>Apr\u00e8s le visionnage, nous avons demand\u00e9 aux \u00e9l\u00e8ves de dire ce qu&rsquo;ils trouvaient bizarre dans l&rsquo;attitude du petit fr\u00e8re.<\/p>\n<p>Les \u00e9l\u00e8ves ont ensuite \u00e9t\u00e9 r\u00e9partis par petits groupes pour trouver une phrase qui d\u00e9crirait ce qu&rsquo;ils feraient pour aider un enfant autiste.<\/p>\n<p>Voici leur r\u00e9ponse:<\/p>\n<p><a href=\"https:\/\/stpierre-teille.fr\/wp-content\/uploads\/2018\/11\/P1050670.jpg\"><img loading=\"lazy\" decoding=\"async\" class=\"size-thumbnail wp-image-1122 alignleft\" src=\"https:\/\/stpierre-teille.fr\/wp-content\/uploads\/2018\/11\/P1050670-150x150.jpg\" alt=\"\" width=\"150\" height=\"150\" \/><\/a><a href=\"https:\/\/stpierre-teille.fr\/wp-content\/uploads\/2018\/11\/P1050668.jpg\"><img loading=\"lazy\" decoding=\"async\" class=\"size-thumbnail wp-image-1120 alignleft\" src=\"https:\/\/stpierre-teille.fr\/wp-content\/uploads\/2018\/11\/P1050668-150x150.jpg\" alt=\"\" width=\"150\" height=\"150\" \/><\/a><a href=\"https:\/\/stpierre-teille.fr\/wp-content\/uploads\/2018\/11\/P1050666.jpg\"><img loading=\"lazy\" decoding=\"async\" class=\"size-thumbnail wp-image-1119 alignleft\" src=\"https:\/\/stpierre-teille.fr\/wp-content\/uploads\/2018\/11\/P1050666-150x150.jpg\" alt=\"\" width=\"150\" height=\"150\" \/><\/a><a href=\"https:\/\/stpierre-teille.fr\/wp-content\/uploads\/2018\/11\/P1050665.jpg\"><img loading=\"lazy\" decoding=\"async\" class=\"size-thumbnail wp-image-1118 alignleft\" src=\"https:\/\/stpierre-teille.fr\/wp-content\/uploads\/2018\/11\/P1050665-150x150.jpg\" alt=\"\" width=\"150\" height=\"150\" \/><\/a><a href=\"https:\/\/stpierre-teille.fr\/wp-content\/uploads\/2018\/11\/P1050669.jpg\"><img loading=\"lazy\" decoding=\"async\" class=\"size-thumbnail wp-image-1121 alignleft\" src=\"https:\/\/stpierre-teille.fr\/wp-content\/uploads\/2018\/11\/P1050669-150x150.jpg\" alt=\"\" width=\"150\" height=\"150\" \/><\/a><a href=\"https:\/\/stpierre-teille.fr\/wp-content\/uploads\/2018\/11\/P1050662.jpg\"><img loading=\"lazy\" decoding=\"async\" class=\"size-thumbnail wp-image-1116 alignleft\" src=\"https:\/\/stpierre-teille.fr\/wp-content\/uploads\/2018\/11\/P1050662-150x150.jpg\" alt=\"\" width=\"150\" height=\"150\" \/><\/a><\/p>\n","protected":false},"excerpt":{"rendered":"<p>Dans le cadre de notre projet d&rsquo;ann\u00e9e portant sur le handicap, l&rsquo;\u00e9cole s&rsquo;est r\u00e9unie le dernier jour avant les vacances de la Toussaint pour visionner un petit film d&rsquo;animation \u00ab\u00a0Mon petit fr\u00e8re de la lune\u00a0\u00bb, ce film a \u00e9t\u00e9 r\u00e9alis\u00e9 par Fr\u00e9d\u00e9ric Philibert, papa d&rsquo;un petit gar\u00e7on autiste. \u00a0\u00ab\u00a0Une petite fille essaie de faire comprendre&hellip; <br \/> <a class=\"read-more\" href=\"https:\/\/stpierre-teille.fr\/?p=1114\">Lire la suite<\/a><\/p>\n","protected":false},"author":3,"featured_media":0,"comment_status":"closed","ping_status":"closed","sticky":false,"template":"","format":"standard","meta":{"ngg_post_thumbnail":0,"footnotes":""},"categories":[9],"tags":[],"class_list":["post-1114","post","type-post","status-publish","format-standard","hentry","category-vie-des-classes"],"_links":{"self":[{"href":"https:\/\/stpierre-teille.fr\/index.php?rest_route=\/wp\/v2\/posts\/1114","targetHints":{"allow":["GET"]}}],"collection":[{"href":"https:\/\/stpierre-teille.fr\/index.php?rest_route=\/wp\/v2\/posts"}],"about":[{"href":"https:\/\/stpierre-teille.fr\/index.php?rest_route=\/wp\/v2\/types\/post"}],"author":[{"embeddable":true,"href":"https:\/\/stpierre-teille.fr\/index.php?rest_route=\/wp\/v2\/users\/3"}],"replies":[{"embeddable":true,"href":"https:\/\/stpierre-teille.fr\/index.php?rest_route=%2Fwp%2Fv2%2Fcomments&post=1114"}],"version-history":[{"count":0,"href":"https:\/\/stpierre-teille.fr\/index.php?rest_route=\/wp\/v2\/posts\/1114\/revisions"}],"wp:attachment":[{"href":"https:\/\/stpierre-teille.fr\/index.php?rest_route=%2Fwp%2Fv2%2Fmedia&parent=1114"}],"wp:term":[{"taxonomy":"category","embeddable":true,"href":"https:\/\/stpierre-teille.fr\/index.php?rest_route=%2Fwp%2Fv2%2Fcategories&post=1114"},{"taxonomy":"post_tag","embeddable":true,"href":"https:\/\/stpierre-teille.fr\/index.php?rest_route=%2Fwp%2Fv2%2Ftags&post=1114"}],"curies":[{"name":"wp","href":"https:\/\/api.w.org\/{rel}","templated":true}]}}